{"id":24020,"date":"2010-03-03T17:37:30","date_gmt":"2010-03-03T17:37:30","guid":{"rendered":"https:\/\/obscom.intervozes.org.br\/wordpress\/?p=24020"},"modified":"2010-03-03T17:37:30","modified_gmt":"2010-03-03T17:37:30","slug":"portal-brasil-governo-lanca-site-de-noticias-com-mais-de-500-servicos-publicos","status":"publish","type":"post","link":"https:\/\/obscom.intervozes.org.br\/?p=24020","title":{"rendered":"Portal Brasil: Governo lan\u00e7a site de not\u00edcias com mais de 500 servi\u00e7os p\u00fablicos"},"content":{"rendered":"<p>   \t \t \t \t \t<!-- \t\t@page { margin: 2cm } \t\tP { margin-bottom: 0.21cm } \t--> \t  <\/p>\n<p class=\"padrao\"><strong>Reproduzido do Comunique-se<\/strong><\/p>\n<p>A Secretaria de Comunica&ccedil;&atilde;o da Presid&ecirc;ncia da Rep&uacute;blica (Secom) lan&ccedil;ou nesta quarta-feira (03\/03) o Portal Brasil, site que traz informa&ccedil;&otilde;es institucionais, culturais, not&iacute;cias e acesso a mais de 500 servi&ccedil;os, antes divididos entre os v&aacute;rios minist&eacute;rios e &oacute;rg&atilde;os do Governo Federal. Al&eacute;m desses conte&uacute;dos, o portal permite a intera&ccedil;&atilde;o com os internautas, por meio de redes sociais.<\/p>\n<p>Na &aacute;rea de reportagem, o portal contar&aacute; com uma revista digital, com v&iacute;deos, infogr&aacute;ficos, textos e &aacute;udios. A primeira edi&ccedil;&atilde;o apresenta uma mat&eacute;ria especial sobre uma escola piauiense, refer&ecirc;ncia na educa&ccedil;&atilde;o de jovens e crian&ccedil;as.<\/p>\n<p>O site se divide em 12 &aacute;reas tem&aacute;ticas: Brasil, cultura, economia, esporte, geografia, hist&oacute;ria, meio ambiente, cidadania, sa&uacute;de, educa&ccedil;&atilde;o, ci&ecirc;ncia e tecnologia, e turismo. A p&aacute;gina &eacute; voltada para quatro perfis: trabalhadores, estudantes, imprensa e empreendedores. Mais tarde, a ideia &eacute; ampliar as categorias, abrangendo crian&ccedil;as e idosos, por exemplo. Para atrair turistas, investidores e estudantes estrangeiros, o site traz vers&otilde;es em ingl&ecirc;s e espanhol.<\/p>\n<p>O projeto foi desenvolvido pela TV1 e envolveu mais de 200 profissionais. O contrato, assinado em mar&ccedil;o de 2009, com validade de um ano, prev&ecirc; investimentos de at&eacute; R$ 11 milh&otilde;es. <em>(Reda&ccedil;&atilde;o)<\/em><\/p>\n","protected":false},"excerpt":{"rendered":"<p>Reproduzido do Comunique-se A Secretaria de Comunica&ccedil;&atilde;o da Presid&ecirc;ncia da Rep&uacute;blica (Secom) lan&ccedil;ou nesta quarta-feira (03\/03) o Portal Brasil, site que traz informa&ccedil;&otilde;es institucionais, culturais, not&iacute;cias e acesso a mais de 500 servi&ccedil;os, antes divididos entre os v&aacute;rios minist&eacute;rios e &oacute;rg&atilde;os do Governo Federal. Al&eacute;m desses conte&uacute;dos, o portal permite a intera&ccedil;&atilde;o com os internautas, &hellip; <a href=\"https:\/\/obscom.intervozes.org.br\/?p=24020\" class=\"more-link\">Continue lendo <span class=\"screen-reader-text\">Portal Brasil: Governo lan\u00e7a site de not\u00edcias com mais de 500 servi\u00e7os p\u00fablicos<\/span> <span class=\"meta-nav\">&rarr;<\/span><\/a><\/p>\n","protected":false},"author":1,"featured_media":0,"comment_status":"open","ping_status":"open","sticky":false,"template":"","format":"standard","meta":{"footnotes":""},"categories":[39],"tags":[],"_links":{"self":[{"href":"https:\/\/obscom.intervozes.org.br\/index.php?rest_route=\/wp\/v2\/posts\/24020"}],"collection":[{"href":"https:\/\/obscom.intervozes.org.br\/index.php?rest_route=\/wp\/v2\/posts"}],"about":[{"href":"https:\/\/obscom.intervozes.org.br\/index.php?rest_route=\/wp\/v2\/types\/post"}],"author":[{"embeddable":true,"href":"https:\/\/obscom.intervozes.org.br\/index.php?rest_route=\/wp\/v2\/users\/1"}],"replies":[{"embeddable":true,"href":"https:\/\/obscom.intervozes.org.br\/index.php?rest_route=%2Fwp%2Fv2%2Fcomments&post=24020"}],"version-history":[{"count":0,"href":"https:\/\/obscom.intervozes.org.br\/index.php?rest_route=\/wp\/v2\/posts\/24020\/revisions"}],"wp:attachment":[{"href":"https:\/\/obscom.intervozes.org.br\/index.php?rest_route=%2Fwp%2Fv2%2Fmedia&parent=24020"}],"wp:term":[{"taxonomy":"category","embeddable":true,"href":"https:\/\/obscom.intervozes.org.br\/index.php?rest_route=%2Fwp%2Fv2%2Fcategories&post=24020"},{"taxonomy":"post_tag","embeddable":true,"href":"https:\/\/obscom.intervozes.org.br\/index.php?rest_route=%2Fwp%2Fv2%2Ftags&post=24020"}],"curies":[{"name":"wp","href":"https:\/\/api.w.org\/{rel}","templated":true}]}}