{"id":24017,"date":"2010-03-02T18:04:14","date_gmt":"2010-03-02T18:04:14","guid":{"rendered":"https:\/\/obscom.intervozes.org.br\/wordpress\/?p=24017"},"modified":"2010-03-02T18:04:14","modified_gmt":"2010-03-02T18:04:14","slug":"publicado-edital-que-convoca-consulta-publica-para-renovacao-do-conselho-curador-da-ebc","status":"publish","type":"post","link":"https:\/\/obscom.intervozes.org.br\/?p=24017","title":{"rendered":"Publicado edital que convoca consulta p\u00fablica para renova\u00e7\u00e3o do Conselho Curador da EBC"},"content":{"rendered":"<p>   \t \t \t \t \t<!-- \t\t@page { margin: 2cm } \t\tP { margin-bottom: 0.21cm } \t--> \t        <\/p>\n<p style=\"margin-bottom: 0cm\" class=\"padrao\">O Conselho Curador da Empresa Brasil de Comunica&ccedil;&atilde;o (EBC) abriu nesta segunda-feira(1\/3) consulta p&uacute;blica para a indica&ccedil;&atilde;o de tr&ecirc;s novos conselheiros. O Conselho Curador, composto por 22 membros, &eacute; o &oacute;rg&atilde;o respons&aacute;vel pelo cumprimento dos princ&iacute;pios e objetivos da empresa, criada para ser catalisadora da constitui&ccedil;&atilde;o de um Sistema P&uacute;blico de Comunica&ccedil;&atilde;o.<\/p>\n<p>A realiza&ccedil;&atilde;o da consulta p&uacute;blica &eacute; uma exig&ecirc;ncia da Lei 11.652\/08 que criou a EBC e visa garantir a participa&ccedil;&atilde;o da sociedade civil na escolha dos conselheiros. Como a indica&ccedil;&atilde;o dos primeiros membros do Conselho Curador foi feita diretamente pelo Presidente da Rep&uacute;blica, esta ser&aacute; a primeira consulta p&uacute;blica que viabilizar&aacute; a participa&ccedil;&atilde;o direta da sociedade no processo de escolha dos membros do &oacute;rg&atilde;o.<\/p>\n<p>As entidades que desejam participar da consulta t&ecirc;m 40 dias, a partir da data de publica&ccedil;&atilde;o do edital no Di&aacute;rio Oficial da Uni&atilde;o, para enviar a indica&ccedil;&atilde;o de at&eacute; tr&ecirc;s nomes (um por vaga) para compor o Conselho Curador. De posse da lista com os nomes indicados, o &oacute;rg&atilde;o formular&aacute; lista tr&iacute;plice para cada uma das vagas, que ser&atilde;o submetidas &agrave; aprecia&ccedil;&atilde;o do Presidente da Rep&uacute;blica. O mandato dos tr&ecirc;s novos conselheiros ser&aacute; de quatro anos, como determina a Lei 11.652\/08.<\/p>\n<p>O edital completo e o formul&aacute;rio para indica&ccedil;&atilde;o de candidatos para o conselho est&atilde;o dispon&iacute;veis na p&aacute;gina eletr&ocirc;nica da EBC destinada ao Conselho Curador. L&aacute; tamb&eacute;m podem ser vistos os crit&eacute;rios de quem pode concorrer as vagas  e de como as entidades podem participar  da consulta.<\/p>\n<p><strong>Recondu&ccedil;&atilde;o<\/strong><\/p>\n<p>Nem todos os representantes da sociedade civil, por&eacute;m, ser&atilde;o substitu&iacute;dos no Conselho Curador da EBC. Um edital publicado no dia 5 de fevereiro reconduziu ao cargo de conselheiro os professores Daniel Aar&atilde;o Reis Filho (Hist&oacute;ria Contempor&acirc;nea, UFF) e Murilo C&eacute;sar Ramos (Comunica&ccedil;&atilde;o, UnB); o presidente do Olodum, Jo&atilde;o Jorge Santos Rodrigues; o diretor da empresa Marcopolo e empres&aacute;rio do setor de transportes Jos&eacute; Ant&ocirc;nio Fernandes Martins e Maria da Penha Maia Fernandes, s&iacute;mbolo da luta contra a viol&ecirc;ncia dom&eacute;stica.<\/p>\n<p>Nesta primeira gest&atilde;o do conselho, dos 15 representantes da sociedade civil, oito foram empossados para mandatos de dois anos e sete para mandatos de quatro anos. Com a renova&ccedil;&atilde;o, todos os mandatos passar&atilde;o a ser de quatro anos, renov&aacute;veis pelo mesmo per&iacute;odo. Os conselheiros reconduzidos agora e os que entrar&atilde;o com a realiza&ccedil;&atilde;o da consulta p&uacute;blica ficar&atilde;o no cargo at&eacute; o fim de 2013. O mandato dos outros sete membros expira em dezembro de 2011.<\/p>\n<p>O Conselho Curador tem como finalidade fiscalizar todos os ve&iacute;culos da EBC. Al&eacute;m das 15 vagas destinadas aos representantes da sociedade civil, quatro cadeiras est&atilde;o reservadas ao Governo Federal (os ministros da Educa&ccedil;&atilde;o, da Cultura, da Ci&ecirc;ncia e Tecnologia e da Secretaria de Comunica&ccedil;&atilde;o Social da Presid&ecirc;ncia da Rep&uacute;blica), uma para a C&acirc;mara dos Deputados, uma para o Senado Federal e uma para os funcion&aacute;rios da empresa.<\/p>\n<p><em>(Com informa&ccedil;&otilde;es da EBC)<\/em><\/p>\n","protected":false},"excerpt":{"rendered":"<p>O Conselho Curador da Empresa Brasil de Comunica&ccedil;&atilde;o (EBC) abriu nesta segunda-feira(1\/3) consulta p&uacute;blica para a indica&ccedil;&atilde;o de tr&ecirc;s novos conselheiros. O Conselho Curador, composto por 22 membros, &eacute; o &oacute;rg&atilde;o respons&aacute;vel pelo cumprimento dos princ&iacute;pios e objetivos da empresa, criada para ser catalisadora da constitui&ccedil;&atilde;o de um Sistema P&uacute;blico de Comunica&ccedil;&atilde;o. A realiza&ccedil;&atilde;o da &hellip; <a href=\"https:\/\/obscom.intervozes.org.br\/?p=24017\" class=\"more-link\">Continue lendo <span class=\"screen-reader-text\">Publicado edital que convoca consulta p\u00fablica para renova\u00e7\u00e3o do Conselho Curador da EBC<\/span> <span class=\"meta-nav\">&rarr;<\/span><\/a><\/p>\n","protected":false},"author":1,"featured_media":0,"comment_status":"open","ping_status":"open","sticky":false,"template":"","format":"standard","meta":{"footnotes":""},"categories":[40],"tags":[832],"_links":{"self":[{"href":"https:\/\/obscom.intervozes.org.br\/index.php?rest_route=\/wp\/v2\/posts\/24017"}],"collection":[{"href":"https:\/\/obscom.intervozes.org.br\/index.php?rest_route=\/wp\/v2\/posts"}],"about":[{"href":"https:\/\/obscom.intervozes.org.br\/index.php?rest_route=\/wp\/v2\/types\/post"}],"author":[{"embeddable":true,"href":"https:\/\/obscom.intervozes.org.br\/index.php?rest_route=\/wp\/v2\/users\/1"}],"replies":[{"embeddable":true,"href":"https:\/\/obscom.intervozes.org.br\/index.php?rest_route=%2Fwp%2Fv2%2Fcomments&post=24017"}],"version-history":[{"count":0,"href":"https:\/\/obscom.intervozes.org.br\/index.php?rest_route=\/wp\/v2\/posts\/24017\/revisions"}],"wp:attachment":[{"href":"https:\/\/obscom.intervozes.org.br\/index.php?rest_route=%2Fwp%2Fv2%2Fmedia&parent=24017"}],"wp:term":[{"taxonomy":"category","embeddable":true,"href":"https:\/\/obscom.intervozes.org.br\/index.php?rest_route=%2Fwp%2Fv2%2Fcategories&post=24017"},{"taxonomy":"post_tag","embeddable":true,"href":"https:\/\/obscom.intervozes.org.br\/index.php?rest_route=%2Fwp%2Fv2%2Ftags&post=24017"}],"curies":[{"name":"wp","href":"https:\/\/api.w.org\/{rel}","templated":true}]}}