{"id":24015,"date":"2010-03-02T15:45:30","date_gmt":"2010-03-02T15:45:30","guid":{"rendered":"https:\/\/obscom.intervozes.org.br\/wordpress\/?p=24015"},"modified":"2010-03-02T15:45:30","modified_gmt":"2010-03-02T15:45:30","slug":"altercom-reune-empresas-e-empreendedores-da-comunicacao","status":"publish","type":"post","link":"https:\/\/obscom.intervozes.org.br\/?p=24015","title":{"rendered":"Altercom re\u00fane empresas e empreendedores da comunica\u00e7\u00e3o"},"content":{"rendered":"<p>   \t \t \t \t \t<!-- \t\t@page { margin: 2cm } \t\tP { margin-bottom: 0.21cm } \t--> \t  <\/p>\n<p style=\"margin-bottom: 0cm\" class=\"padrao\">Empres&aacute;rios, empreendedores individuais, estudantes, professores e ativistas da &aacute;rea da comunica&ccedil;&atilde;o criaram s&aacute;bado (27), em S&atilde;o Paulo, a Altercom &ndash; Associa&ccedil;&atilde;o Brasileira de Empresas e Empreendedores da Comunica&ccedil;&atilde;o. Conforme ficou definido no encontro realizado durante todo o dia de s&aacute;bado, a entidade ter&aacute; como objetivo central defender os interesses pol&iacute;ticos e econ&ocirc;micos das empresas e empreendedores de comunica&ccedil;&atilde;o comprometidos com os princ&iacute;pios da democratiza&ccedil;&atilde;o do acesso &agrave; comunica&ccedil;&atilde;o, da pluralidade e da liberdade de express&atilde;o. N&atilde;o a liberdade apenas para uns poucos grandes grupos midi&aacute;ticos, como ocorre hoje, mas sim para a maioria da popula&ccedil;&atilde;o que n&atilde;o tem respeitado hoje o direito &agrave; uma informa&ccedil;&atilde;o de qualidade.<\/p>\n<p>Quanto mais propriet&aacute;rios e empreendimentos de comunica&ccedil;&atilde;o houver no pa&iacute;s, maior ser&aacute; a liberdade de express&atilde;o. Essa &eacute; uma das id&eacute;ias que anima a cria&ccedil;&atilde;o da nova entidade: a garantia da express&atilde;o coletiva, a universaliza&ccedil;&atilde;o do direito &agrave; liberdade de express&atilde;o. Por meio de uma interven&ccedil;&atilde;o coletiva organizada e articulada em todo o pa&iacute;s, a Altercom pretende propor e disputar pol&iacute;ticas p&uacute;blicas, al&eacute;m de regulamenta&ccedil;&otilde;es que democratizem o acesso aos meios e aos recursos de comunica&ccedil;&atilde;o no Brasil. Outro objetivo da entidade &eacute; dar visibilidade &agrave;s novas experi&ecirc;ncias midi&aacute;ticas e comunicacionais que v&ecirc;m se expandindo pelo pa&iacute;s. Uma Carta de Princ&iacute;pios que ser&aacute; divulgada nos pr&oacute;ximos dias sistematizar&aacute; esses princ&iacute;pios e objetivos que orientar&atilde;o o funcionamento da associa&ccedil;&atilde;o.<\/p>\n<p>A id&eacute;ia de criar a nova entidade surgiu no processo de debates preparat&oacute;rios para a I Confer&ecirc;ncia Nacional de Comunica&ccedil;&atilde;o, realizada em dezembro, em Bras&iacute;lia. De l&aacute; para c&aacute; ocorreram uma s&eacute;rie de reuni&otilde;es preparat&oacute;rias, em S&atilde;o Paulo e em Porto Alegre, que culminaram no semin&aacute;rio realizado s&aacute;bado na capital paulista. Al&eacute;m de debater os princ&iacute;pios e objetivos da nova entidade, o encontro tamb&eacute;m tratou de temas como liberdade de imprensa e liberdade de express&atilde;o, formas de associa&ccedil;&atilde;o, imprensa alternativa e independente e constru&ccedil;&atilde;o coletiva de uma comunica&ccedil;&atilde;o contra-hegem&ocirc;nica. A mesa redonda que discutiu esses temas foi coordenada por Flavio Aguiar e reuniu os professores Bernardo Kucinski, Ven&iacute;cio Lima, Laurindo Leal Filho e Denis de Oliveira.<\/p>\n<p>Como resumiu Rodrigo Vianna, do blog <em>Escrevinhador<\/em>, a Altercom dever&aacute; reunir editoras, sites, produtoras de v&iacute;deo, de r&aacute;dio, revistas, jornais, blogueiros, ag&ecirc;ncias de comunica&ccedil;&atilde;o e tantos outros que n&atilde;o se sentem representados pelo condom&iacute;nio comandado por Abril\/Globo\/Folha\/Estad&atilde;o, nem tem peso econ&ocirc;mico para atuar junto &agrave;s grandes teles. Defender as posi&ccedil;&otilde;es pol&iacute;ticas desse setor significa participar do debate nacional. Rodrigo Vianna d&aacute; um exemplo: se a ABERT (que representa a Globo) ou a ANER (que representa a Abril, basicamente) divulgam uma carta criticando a Confecom por, supostamente, atentar contra a &ldquo;liberdade de express&atilde;o&rdquo;, a Altercom far&aacute; o contraponto em nome dos empres&aacute;rios e empreendedores que n&atilde;o se alinham com o grande capital. <\/p>\n<p>No terreno econ&ocirc;mico, a associa&ccedil;&atilde;o defender&aacute;, entre outras coisas, uma regulamenta&ccedil;&atilde;o mais justa e clara das verbas p&uacute;blicas de publicidade, de modo a estimular a diversidade de opini&otilde;es existente na sociedade brasileira. Al&eacute;m disso, procurar&aacute; articular pequenos e m&eacute;dios empres&aacute;rios e empreendedores do setor para disputar tamb&eacute;m parte da verba dos anunciantes privados. A Altercom pretende ainda abrir espa&ccedil;o para centenas de empreendedores individuais &ndash; a maioria deles blogueiros &ndash; que surgiram nos &uacute;ltimos anos no Brasil. Nomes como Luiz Carlos Azenha (<em>Vi o Mundo<\/em>), Rodrigo Vianna (<em>Escrevinhador<\/em>), Marcelo Salles (<em>Fazendo Media<\/em>), Eduardo Guimar&atilde;es (<em>Cidadania.com<\/em>) e Marco Aur&eacute;lio Weissheimer (<em>RS Urgente<\/em>). Blogueiros de todo o pa&iacute;s ser&atilde;o convidados a participar da entidade.<\/p>\n","protected":false},"excerpt":{"rendered":"<p>Empres&aacute;rios, empreendedores individuais, estudantes, professores e ativistas da &aacute;rea da comunica&ccedil;&atilde;o criaram s&aacute;bado (27), em S&atilde;o Paulo, a Altercom &ndash; Associa&ccedil;&atilde;o Brasileira de Empresas e Empreendedores da Comunica&ccedil;&atilde;o. Conforme ficou definido no encontro realizado durante todo o dia de s&aacute;bado, a entidade ter&aacute; como objetivo central defender os interesses pol&iacute;ticos e econ&ocirc;micos das empresas e &hellip; <a href=\"https:\/\/obscom.intervozes.org.br\/?p=24015\" class=\"more-link\">Continue lendo <span class=\"screen-reader-text\">Altercom re\u00fane empresas e empreendedores da comunica\u00e7\u00e3o<\/span> <span class=\"meta-nav\">&rarr;<\/span><\/a><\/p>\n","protected":false},"author":1,"featured_media":0,"comment_status":"open","ping_status":"open","sticky":false,"template":"","format":"standard","meta":{"footnotes":""},"categories":[40],"tags":[1236],"_links":{"self":[{"href":"https:\/\/obscom.intervozes.org.br\/index.php?rest_route=\/wp\/v2\/posts\/24015"}],"collection":[{"href":"https:\/\/obscom.intervozes.org.br\/index.php?rest_route=\/wp\/v2\/posts"}],"about":[{"href":"https:\/\/obscom.intervozes.org.br\/index.php?rest_route=\/wp\/v2\/types\/post"}],"author":[{"embeddable":true,"href":"https:\/\/obscom.intervozes.org.br\/index.php?rest_route=\/wp\/v2\/users\/1"}],"replies":[{"embeddable":true,"href":"https:\/\/obscom.intervozes.org.br\/index.php?rest_route=%2Fwp%2Fv2%2Fcomments&post=24015"}],"version-history":[{"count":0,"href":"https:\/\/obscom.intervozes.org.br\/index.php?rest_route=\/wp\/v2\/posts\/24015\/revisions"}],"wp:attachment":[{"href":"https:\/\/obscom.intervozes.org.br\/index.php?rest_route=%2Fwp%2Fv2%2Fmedia&parent=24015"}],"wp:term":[{"taxonomy":"category","embeddable":true,"href":"https:\/\/obscom.intervozes.org.br\/index.php?rest_route=%2Fwp%2Fv2%2Fcategories&post=24015"},{"taxonomy":"post_tag","embeddable":true,"href":"https:\/\/obscom.intervozes.org.br\/index.php?rest_route=%2Fwp%2Fv2%2Ftags&post=24015"}],"curies":[{"name":"wp","href":"https:\/\/api.w.org\/{rel}","templated":true}]}}