{"id":24014,"date":"2010-03-02T15:39:52","date_gmt":"2010-03-02T15:39:52","guid":{"rendered":"https:\/\/obscom.intervozes.org.br\/wordpress\/?p=24014"},"modified":"2010-03-02T15:39:52","modified_gmt":"2010-03-02T15:39:52","slug":"a-rede-de-comunicacao-alternativa-ainda-e-fraca-mas-seu-poder-vem-crescendo","status":"publish","type":"post","link":"https:\/\/obscom.intervozes.org.br\/?p=24014","title":{"rendered":"&#8220;A rede de comunica\u00e7\u00e3o alternativa ainda \u00e9 fraca, mas seu poder vem crescendo&#8221;"},"content":{"rendered":"<p>   \t \t \t \t \t<!-- \t\t@page { margin: 2cm } \t\tP { margin-bottom: 0.21cm } \t--> \t  <\/p>\n<p class=\"padrao\">Em conjunto com v&aacute;rios empreendedores da comunica&ccedil;&atilde;o, o diretor da Ag&ecirc;ncia Carta Maior (publica&ccedil;&atilde;o eletr&ocirc;nica multim&iacute;dia que nasceu por ocasi&atilde;o da primeira edi&ccedil;&atilde;o do F&oacute;rum Social Mundial, em 2001), Joaquim Ernesto Palhares, contribuiu com a funda&ccedil;&atilde;o recente da Associa&ccedil;&atilde;o Brasileira de Empresas e Empreendedores da Comunica&ccedil;&atilde;o (Altercom), realizada no s&aacute;bado (27), durante semin&aacute;rio em S&atilde;o Paulo.<\/p>\n<p>O grupo que criou a Altercom vem se organizando mais concretamente desde o ano passado, a partir da 1&ordf; Confer&ecirc;ncia Nacional de Comunica&ccedil;&atilde;o. Insatisfeitos com as associa&ccedil;&otilde;es que representam os empres&aacute;rios da m&iacute;dia, como a Associa&ccedil;&atilde;o Brasileira de Emissoras de R&aacute;dio e Televis&atilde;o (Abert) e a Associa&ccedil;&atilde;o Nacional de Jornais (ANJ), o coletivo resolveu se articular para criar uma entidade que defenda os interesses do campo da m&iacute;dia progressista.<\/p>\n<p>Al&eacute;m da participa&ccedil;&atilde;o de empresas, a Altercom conta tamb&eacute;m com a presen&ccedil;a de empreendedores individuais, como os blogueiros Luiz Carlos Azenha (<em>Vi o Mundo<\/em>), Rodrigo Vianna (<em>Escrevinhador<\/em>), Marcelo Salles (<em>Fazendo Media<\/em>), Eduardo Guimar&atilde;es (<em>Cidadania.com<\/em>) e Marco Aur&eacute;lio Weissheimer (<em>RS Urgente<\/em>).<\/p>\n<p><strong>O que motivou a cria&ccedil;&atilde;o da Associa&ccedil;&atilde;o Brasileira de Empresas e Empreendedores de Comunica&ccedil;&atilde;o?<br \/><\/strong>A necessidade de contar com uma entidade que defenda os interesses pol&iacute;ticos e econ&ocirc;micos das empresas e empreendedores do campo da m&iacute;dia progressista. As entidades que representam as grandes empresas de comunica&ccedil;&atilde;o (como ABERT e ANJ) defendem fundamentalmente os pr&oacute;prios interesses.<\/p>\n<p><strong>Quais s&atilde;o os objetivos centrais da Associa&ccedil;&atilde;o?<\/strong><br \/>A entidade ter&aacute; como objetivo defender interesses pol&iacute;ticos e econ&ocirc;micos das empresas e empreendedores de comunica&ccedil;&atilde;o comprometidos com os princ&iacute;pios da democratiza&ccedil;&atilde;o do acesso &agrave; comunica&ccedil;&atilde;o, da pluralidade e da liberdade de express&atilde;o. Entendemos que, quanto mais propriet&aacute;rios e empreendimentos de comunica&ccedil;&atilde;o houver no pa&iacute;s, maior ser&aacute; a liberdade de express&atilde;o: essa &eacute; uma das id&eacute;ias centrais que anima a cria&ccedil;&atilde;o da Altercom, que defender&aacute; tamb&eacute;m crit&eacute;rios mais claros e justos na aplica&ccedil;&atilde;o de verbas p&uacute;blicas em publicidade. <\/p>\n<p><strong>A Associa&ccedil;&atilde;o j&aacute; tem pautas de trabalho priorit&aacute;rias?<\/strong><br \/>As prioridades agora s&atilde;o organizativas: elaborar a Carta de Princ&iacute;pios, o estatuto da entidade e conseguir novas ades&otilde;es pelo pa&iacute;s.<\/p>\n<p><strong>Quem est&aacute; participando da iniciativa e quem poder&aacute; participar?<\/strong><br \/>O semin&aacute;rio de funda&ccedil;&atilde;o da entidade, realizado dia 27 de fevereiro, em S&atilde;o Paulo, contou com a presen&ccedil;a de cerca de sessenta empres&aacute;rios e uma dezena de convidados especiais. A Altercom dever&aacute; reunir editoras, sites, produtoras de v&iacute;deo, de r&aacute;dio, revistas, jornais, blogueiros, ag&ecirc;ncias de comunica&ccedil;&atilde;o e tantos outros que n&atilde;o se sentem representados pelas entidades que defendem os interesses da Abril, Globo, Folha, Estad&atilde;o, entre outros grandes grupos.<\/p>\n<p><strong>A ideia &eacute; organizar os gestores dos ve&iacute;culos de comunica&ccedil;&atilde;o ou tamb&eacute;m seus trabalhadores?<br \/><\/strong>Ambos. A id&eacute;ia &eacute; estimular a participa&ccedil;&atilde;o e o compartilhamento tanto na produ&ccedil;&atilde;o de conte&uacute;dos quanto na discuss&atilde;o sobre os problemas que s&atilde;o comuns.<\/p>\n<p><strong>O grupo que est&aacute; fundando a Associa&ccedil;&atilde;o participou da Confecom. Consideram que tiveram vit&oacute;rias no processo?<br \/><\/strong>A pr&oacute;pria cria&ccedil;&atilde;o da Altercom representa uma grande vit&oacute;ria. As primeiras reuni&otilde;es que discutiram a necessidade de uma entidade como essa iniciaram ainda nas confer&ecirc;ncias estaduais preparat&oacute;rias e ao longo da 1&ordf; Confer&ecirc;ncia Nacional de Comunica&ccedil;&atilde;o (Confecom), no final de 2009. A partir da&iacute;, conseguimos construir um entendimento comum em torno da cria&ccedil;&atilde;o de uma entidade alternativa cujos objetivos e compromissos n&atilde;o s&atilde;o coincidentes com aqueles da grande m&iacute;dia.<\/p>\n<p><strong>Qual a principal diferen&ccedil;a da iniciativa do F&oacute;rum de M&iacute;dia Livre?<\/strong><br \/>N&atilde;o h&aacute; grandes diferen&ccedil;as do ponto de vista dos princ&iacute;pios que as duas iniciativas defendem. O F&oacute;rum representa um ator importante na luta pela democratiza&ccedil;&atilde;o dos meios de comunica&ccedil;&atilde;o e pelo fortalecimento da m&iacute;dia livre. Ele prop&ocirc;s um debate que n&atilde;o se limita &agrave; reivindica&ccedil;&atilde;o por crit&eacute;rios democr&aacute;ticos na distribui&ccedil;&atilde;o de verbas p&uacute;blicas para o setor de comunica&ccedil;&atilde;o. H&aacute; uma dimens&atilde;o pol&iacute;tica nesta disputa que envolve um enfrentamento com fortes estruturas de poder pol&iacute;tico e econ&ocirc;mico ligadas ao grande capital financeiro. A Altercom representa uma iniciativa operacional nesta dire&ccedil;&atilde;o. <\/p>\n<p><strong>O que se pretende propor em rela&ccedil;&atilde;o ao financiamento dos ve&iacute;culos<\/strong> <strong>alternativos, que se configura como um dos principais desafios para eles?<\/strong><br \/>No terreno econ&ocirc;mico, a associa&ccedil;&atilde;o defender&aacute;, entre outras coisas, uma regulamenta&ccedil;&atilde;o mais justa e clara das verbas p&uacute;blicas de publicidade, de modo a estimular a diversidade de opini&otilde;es existente na sociedade brasileira. Al&eacute;m disso, procurar&aacute; articular pequenos e m&eacute;dios empres&aacute;rios e empreendedores do setor para disputar tamb&eacute;m parte da verba dos anunciantes privados. A Altercom pretende ainda abrir espa&ccedil;o para centenas de empreendedores individuais, grande parte deles blogueiros, espalhados por todos o pa&iacute;s.<\/p>\n<p class=\"padrao\">&nbsp;<\/p>\n<p class=\"padrao\"><strong>Existe alguma inten&ccedil;&atilde;o de se criar algum novo ve&iacute;culo de comunica&ccedil;&atilde;o ou algum agregador de conte&uacute;dos dos que se juntarem &agrave; Associa&ccedil;&atilde;o?<br \/><\/strong>No momento n&atilde;o h&aacute; nenhuma proposta neste sentido. Talvez no futuro.<\/p>\n<p><strong>Na sua avalia&ccedil;&atilde;o, existe uma comunica&ccedil;&atilde;o alternativa forte no Brasil hoje? Se n&atilde;o, quais os motivos principais que contribuem para o atual quadro?<br \/><\/strong>Comparando com a grande m&iacute;dia tradicional, a rede de comunica&ccedil;&atilde;o alternativa ainda &eacute; fraca, mas seu poder vem crescendo enormemente e j&aacute; n&atilde;o pode ser ignorado. H&aacute; fortes ind&iacute;cios que apontam para a perda de influ&ecirc;ncia da m&iacute;dia tradicional, especialmente no caso dos jornais impressos. Por outro lado, vem crescendo a capacidade de sites, portais e blogueiros independentes influ&iacute;rem no debate p&uacute;blico do pa&iacute;s. E tudo indica que esse poder cresce a cada dia. O circuito tradicional da grande m&iacute;dia ainda &eacute; forte, em resumo, mas vem perdendo for&ccedil;a e espa&ccedil;o para essa rede de comunica&ccedil;&atilde;o alternativa.<\/p>\n<p><strong>Quais as dificuldades para se fazer bom jornalismo na internet?<\/strong><br \/>S&atilde;o basicamente as mesmas que existem para se fazer jornalismo em outros espa&ccedil;os: cultivar boas fontes, compromisso com a verdade e com o interesse p&uacute;blico, ao inv&eacute;s de fazer um jornalismo subordinado aos interesses privados deste ou daquele grupo. Quem seguir estes princ&iacute;pios, estar&aacute; fazendo bom jornalismo em qualquer tipo de m&iacute;dia. Quem n&atilde;o seguir, bem, estar&aacute; fazendo outra coisa.<\/p>\n","protected":false},"excerpt":{"rendered":"<p class=\"padrao\">O diretor da Ag&ecirc;ncia Carta Maior fala sobre a rec&eacute;m-criada Altercom<\/p>\n<p><!-- \t\t@page { margin: 2cm } \t\tP { margin-bottom: 0.21cm } \t--> <\/p>\n","protected":false},"author":1,"featured_media":0,"comment_status":"open","ping_status":"open","sticky":false,"template":"","format":"standard","meta":{"footnotes":""},"categories":[43],"tags":[1235],"_links":{"self":[{"href":"https:\/\/obscom.intervozes.org.br\/index.php?rest_route=\/wp\/v2\/posts\/24014"}],"collection":[{"href":"https:\/\/obscom.intervozes.org.br\/index.php?rest_route=\/wp\/v2\/posts"}],"about":[{"href":"https:\/\/obscom.intervozes.org.br\/index.php?rest_route=\/wp\/v2\/types\/post"}],"author":[{"embeddable":true,"href":"https:\/\/obscom.intervozes.org.br\/index.php?rest_route=\/wp\/v2\/users\/1"}],"replies":[{"embeddable":true,"href":"https:\/\/obscom.intervozes.org.br\/index.php?rest_route=%2Fwp%2Fv2%2Fcomments&post=24014"}],"version-history":[{"count":0,"href":"https:\/\/obscom.intervozes.org.br\/index.php?rest_route=\/wp\/v2\/posts\/24014\/revisions"}],"wp:attachment":[{"href":"https:\/\/obscom.intervozes.org.br\/index.php?rest_route=%2Fwp%2Fv2%2Fmedia&parent=24014"}],"wp:term":[{"taxonomy":"category","embeddable":true,"href":"https:\/\/obscom.intervozes.org.br\/index.php?rest_route=%2Fwp%2Fv2%2Fcategories&post=24014"},{"taxonomy":"post_tag","embeddable":true,"href":"https:\/\/obscom.intervozes.org.br\/index.php?rest_route=%2Fwp%2Fv2%2Ftags&post=24014"}],"curies":[{"name":"wp","href":"https:\/\/api.w.org\/{rel}","templated":true}]}}