{"id":24009,"date":"2010-03-01T18:35:26","date_gmt":"2010-03-01T18:35:26","guid":{"rendered":"https:\/\/obscom.intervozes.org.br\/wordpress\/?p=24009"},"modified":"2010-03-01T18:35:26","modified_gmt":"2010-03-01T18:35:26","slug":"pro-teste-pede-que-justica-faca-pericia-no-backhaul-das-concessionarias","status":"publish","type":"post","link":"https:\/\/obscom.intervozes.org.br\/?p=24009","title":{"rendered":"Pro Teste pede que justi\u00e7a fa\u00e7a per\u00edcia no backhaul das concession\u00e1rias"},"content":{"rendered":"<p><strong>Reproduzido da Tele.S&iacute;ntese<br \/><\/strong><br \/>A Pro Teste &ndash; entidade de consumidores &ndash; pediu &agrave; justi&ccedil;a que fa&ccedil;a a per&iacute;cia no backhaul (estradas estaduais de banda larga) das concession&aacute;rias de telefonia fixa, tendo em vista que o regulamento da Anatel que trata no assunto, publicado na semana passada, traz muitas d&uacute;vidas sobre a quest&atilde;o, afirma a advogada da entidade, Fl&aacute;via Lef&egrave;vre. Esse pedido foi anexado &agrave; a&ccedil;&atilde;o impetrada pela entidade em 2008.<\/p>\n<p>Segundo ela, a Pro Teste continua a entender que o backhaul n&atilde;o deve ser considerado como uma rede de suporte ao Servi&ccedil;o de Telefonia Fixo Comutado (STFC) mas, se a justi&ccedil;a reconhecer que ele faz parte do STFC, conforme expressou o decreto do presidente Lula, ent&atilde;o, a entidade reivindica que toda a rede de dados das concession&aacute;rias deva ser enquadrada no STFC, para assim tornar-se revers&iacute;vel&nbsp; &agrave; Uni&atilde;o, ao final do contrato de concess&atilde;o. &ldquo;O que n&atilde;o d&aacute; para aceitar &eacute; a Anatel, ao publicar na semana passada o regulamento definitivo sobre o assunto, afirmar que uma parte do backhaul &eacute; p&uacute;blica e outra &eacute; privada&rdquo;, completou.<\/p>\n<p>Para Lef&egrave;vre, ao permitir que&nbsp; o backhaul integre a concess&atilde;o, o governo e a Anatel cometem o erro de deixar que uma infraestrutura n&atilde;o essencial para a telefonia fixa seja por ela remunerada, impedindo, assim, que caia a tarifa da assinatura b&aacute;sica. Mas, se a justi&ccedil;a reconhecer que o backhaul &eacute; essencial para o STFC, Lef&egrave;vre entende, ent&atilde;o, que n&atilde;o pode haver rede privada, sob o risco de a Uni&atilde;o ter que remunerar os investidores estrangeiros ao t&eacute;rmino da concess&atilde;o. &ldquo;A Anatel afirma que o&nbsp; bakchaul, ou a rede de troncos de antes da privatiza&ccedil;&atilde;o, &eacute; privada e somente a rede constru&iacute;da ap&oacute;s o decreto seria p&uacute;blica. O que &eacute; um absurdo&rdquo;, completa ela.&nbsp; (<em>Da reda&ccedil;&atilde;o<\/em>). <\/p>\n","protected":false},"excerpt":{"rendered":"<p>Reproduzido da Tele.S&iacute;nteseA Pro Teste &ndash; entidade de consumidores &ndash; pediu &agrave; justi&ccedil;a que fa&ccedil;a a per&iacute;cia no backhaul (estradas estaduais de banda larga) das concession&aacute;rias de telefonia fixa, tendo em vista que o regulamento da Anatel que trata no assunto, publicado na semana passada, traz muitas d&uacute;vidas sobre a quest&atilde;o, afirma a advogada da &hellip; <a href=\"https:\/\/obscom.intervozes.org.br\/?p=24009\" class=\"more-link\">Continue lendo <span class=\"screen-reader-text\">Pro Teste pede que justi\u00e7a fa\u00e7a per\u00edcia no backhaul das concession\u00e1rias<\/span> <span class=\"meta-nav\">&rarr;<\/span><\/a><\/p>\n","protected":false},"author":1,"featured_media":0,"comment_status":"open","ping_status":"open","sticky":false,"template":"","format":"standard","meta":{"footnotes":""},"categories":[39],"tags":[],"_links":{"self":[{"href":"https:\/\/obscom.intervozes.org.br\/index.php?rest_route=\/wp\/v2\/posts\/24009"}],"collection":[{"href":"https:\/\/obscom.intervozes.org.br\/index.php?rest_route=\/wp\/v2\/posts"}],"about":[{"href":"https:\/\/obscom.intervozes.org.br\/index.php?rest_route=\/wp\/v2\/types\/post"}],"author":[{"embeddable":true,"href":"https:\/\/obscom.intervozes.org.br\/index.php?rest_route=\/wp\/v2\/users\/1"}],"replies":[{"embeddable":true,"href":"https:\/\/obscom.intervozes.org.br\/index.php?rest_route=%2Fwp%2Fv2%2Fcomments&post=24009"}],"version-history":[{"count":0,"href":"https:\/\/obscom.intervozes.org.br\/index.php?rest_route=\/wp\/v2\/posts\/24009\/revisions"}],"wp:attachment":[{"href":"https:\/\/obscom.intervozes.org.br\/index.php?rest_route=%2Fwp%2Fv2%2Fmedia&parent=24009"}],"wp:term":[{"taxonomy":"category","embeddable":true,"href":"https:\/\/obscom.intervozes.org.br\/index.php?rest_route=%2Fwp%2Fv2%2Fcategories&post=24009"},{"taxonomy":"post_tag","embeddable":true,"href":"https:\/\/obscom.intervozes.org.br\/index.php?rest_route=%2Fwp%2Fv2%2Ftags&post=24009"}],"curies":[{"name":"wp","href":"https:\/\/api.w.org\/{rel}","templated":true}]}}