{"id":24008,"date":"2010-03-01T18:04:58","date_gmt":"2010-03-01T18:04:58","guid":{"rendered":"https:\/\/obscom.intervozes.org.br\/wordpress\/?p=24008"},"modified":"2010-03-01T18:04:58","modified_gmt":"2010-03-01T18:04:58","slug":"conselho-curador-da-ebc-abre-consulta-publica-para-indicacao-de-novos-membros","status":"publish","type":"post","link":"https:\/\/obscom.intervozes.org.br\/?p=24008","title":{"rendered":"Conselho Curador da EBC abre consulta p\u00fablica para indica\u00e7\u00e3o de novos membros"},"content":{"rendered":"<p><span class=\"padrao\">O Conselho Curador da Empresa Brasil de Comunica&ccedil;&atilde;o (EBC) abriu nesta segunda-feira(01\/03) consulta p&uacute;blica para a indica&ccedil;&atilde;o de tr&ecirc;s novos conselheiros. O Conselho Curador, composto por 22 membros, &eacute; o &oacute;rg&atilde;o respons&aacute;vel pelo cumprimento dos princ&iacute;pios e objetivos da empresa, que lidera o Sistema P&uacute;blico de Comunica&ccedil;&atilde;o.<\/p>\n<p>A realiza&ccedil;&atilde;o da consulta p&uacute;blica &eacute; uma exig&ecirc;ncia da Lei 11.652\/08 que criou a EBC e visa garantir a participa&ccedil;&atilde;o da sociedade civil na escolha dos conselheiros. Como a indica&ccedil;&atilde;o dos primeiros membros do Conselho Curador foi feita diretamente pelo Presidente da Rep&uacute;blica, esta ser&aacute; a primeira consulta p&uacute;blica que viabilizar&aacute; a participa&ccedil;&atilde;o direta da sociedade no processo de escolha dos membros do &oacute;rg&atilde;o.<\/p>\n<p>O mandato dos tr&ecirc;s novos conselheiros ser&aacute; de quatro anos, como determina a Lei 11.652\/08.<\/p>\n<p>As entidades que desejam participar da consulta t&ecirc;m 40 dias, a partir desta segunda-feira (01\/03), data de publica&ccedil;&atilde;o do edital no Di&aacute;rio Oficial da Uni&atilde;o, para enviar a indica&ccedil;&atilde;o de at&eacute; tr&ecirc;s nomes (um por vaga) para compor o Conselho Curador. De posse da lista com os nomes indicados, o &oacute;rg&atilde;o formular&aacute; lista tr&iacute;plice para cada uma das vagas, que ser&atilde;o submetidas &agrave; aprecia&ccedil;&atilde;o do Presidente da Rep&uacute;blica.<\/p>\n<p>O edital completo e o formul&aacute;rio para indica&ccedil;&atilde;o de candidatos para o conselho est&atilde;o dispon&iacute;veis na p&aacute;gina eletr&ocirc;nica da EBC destinada ao <a href=\"http:\/\/www.ebc.com.br\/conselho-curador\/consulta-publica\" target=\"_blank\">Conselho Curador<\/a> . L&aacute; tamb&eacute;m podem ser vistos os crit&eacute;rios de quem pode concorrer as vagas&nbsp; e de como as entidades podem participar&nbsp; da consulta.<\/p>\n<p>(<em>Com informa&ccedil;&otilde;es da EBC<\/em>)<\/span><\/p>\n","protected":false},"excerpt":{"rendered":"<p>O Conselho Curador da Empresa Brasil de Comunica&ccedil;&atilde;o (EBC) abriu nesta segunda-feira(01\/03) consulta p&uacute;blica para a indica&ccedil;&atilde;o de tr&ecirc;s novos conselheiros. O Conselho Curador, composto por 22 membros, &eacute; o &oacute;rg&atilde;o respons&aacute;vel pelo cumprimento dos princ&iacute;pios e objetivos da empresa, que lidera o Sistema P&uacute;blico de Comunica&ccedil;&atilde;o. A realiza&ccedil;&atilde;o da consulta p&uacute;blica &eacute; uma exig&ecirc;ncia &hellip; <a href=\"https:\/\/obscom.intervozes.org.br\/?p=24008\" class=\"more-link\">Continue lendo <span class=\"screen-reader-text\">Conselho Curador da EBC abre consulta p\u00fablica para indica\u00e7\u00e3o de novos membros<\/span> <span class=\"meta-nav\">&rarr;<\/span><\/a><\/p>\n","protected":false},"author":1,"featured_media":0,"comment_status":"open","ping_status":"open","sticky":false,"template":"","format":"standard","meta":{"footnotes":""},"categories":[39],"tags":[],"_links":{"self":[{"href":"https:\/\/obscom.intervozes.org.br\/index.php?rest_route=\/wp\/v2\/posts\/24008"}],"collection":[{"href":"https:\/\/obscom.intervozes.org.br\/index.php?rest_route=\/wp\/v2\/posts"}],"about":[{"href":"https:\/\/obscom.intervozes.org.br\/index.php?rest_route=\/wp\/v2\/types\/post"}],"author":[{"embeddable":true,"href":"https:\/\/obscom.intervozes.org.br\/index.php?rest_route=\/wp\/v2\/users\/1"}],"replies":[{"embeddable":true,"href":"https:\/\/obscom.intervozes.org.br\/index.php?rest_route=%2Fwp%2Fv2%2Fcomments&post=24008"}],"version-history":[{"count":0,"href":"https:\/\/obscom.intervozes.org.br\/index.php?rest_route=\/wp\/v2\/posts\/24008\/revisions"}],"wp:attachment":[{"href":"https:\/\/obscom.intervozes.org.br\/index.php?rest_route=%2Fwp%2Fv2%2Fmedia&parent=24008"}],"wp:term":[{"taxonomy":"category","embeddable":true,"href":"https:\/\/obscom.intervozes.org.br\/index.php?rest_route=%2Fwp%2Fv2%2Fcategories&post=24008"},{"taxonomy":"post_tag","embeddable":true,"href":"https:\/\/obscom.intervozes.org.br\/index.php?rest_route=%2Fwp%2Fv2%2Ftags&post=24008"}],"curies":[{"name":"wp","href":"https:\/\/api.w.org\/{rel}","templated":true}]}}