{"id":23936,"date":"2010-02-11T12:44:53","date_gmt":"2010-02-11T12:44:53","guid":{"rendered":"https:\/\/obscom.intervozes.org.br\/wordpress\/?p=23936"},"modified":"2014-09-07T02:59:30","modified_gmt":"2014-09-07T02:59:30","slug":"governo-adia-para-marco-definicao-do-plano-de-banda-larga","status":"publish","type":"post","link":"https:\/\/obscom.intervozes.org.br\/?p=23936","title":{"rendered":"Governo adia para mar\u00e7o defini\u00e7\u00e3o do plano de banda larga"},"content":{"rendered":"\n<p style=\"margin-bottom: 0cm\" class=\"padrao\">Era o dia para que o presidente Luiz In&aacute;cio Lula da Silva decidiria os detalhes do Plano Nacional de Banda Larga (PNBL) e o projeto, cuja pretens&atilde;o &eacute; massificar o acesso &agrave; internet em alta velocidade no pa&iacute;s, ser anunciado. Mas o &uacute;nico an&uacute;ncio feito por representantes do governo federal neste 10 de fevereiro foi de que nenhuma decis&atilde;o ser&aacute; tomada at&eacute; meados de mar&ccedil;o. <\/p>\n<p>O novo adiamento frustra quem esperava que o plano come&ccedil;asse a sair do papel rapidamente, considerando que h&aacute; um calend&aacute;rio eleitoral que tende a limitar qualquer a&ccedil;&atilde;o de governo ao primeiro semestre. Ao mesmo tempo, deixa entrever que a disposi&ccedil;&atilde;o do presidente em bater o martelo sobre o PNBL esbarra nas demandas colocadas em rela&ccedil;&atilde;o a quest&otilde;es-chave do projeto, representadas na reuni&atilde;o por diferentes &oacute;rg&atilde;os do governo.<\/p>\n<p>A informa&ccedil;&atilde;o sobre o novo adiamento do an&uacute;ncio do PNBL foi dada pelo ministro das Comunica&ccedil;&otilde;es, H&eacute;lio Costa, &uacute;nico dos participantes da reuni&atilde;o entre os 11 ministros e v&aacute;rios t&eacute;cnicos de diversas &aacute;reas com o presidente a falar ap&oacute;s o encontro. <\/p>\n<p>Costa, respons&aacute;vel em outras reuni&otilde;es por levar ao presidente documento com as sugest&otilde;es dos empres&aacute;rios de telecomunica&ccedil;&otilde;es para o setor de banda larga, disse que &ldquo;n&atilde;o existem pontos divergentes&rdquo;, mas sim &ldquo;muitas informa&ccedil;&otilde;es, que precisam ser vistas por v&aacute;rios minist&eacute;rios&rdquo;. Segundo o ministro, o que falta &eacute; que cada pasta avalie sua participa&ccedil;&atilde;o dentro do plano. Ele citou como exemplo de pontos que precisam de ajustes t&eacute;cnicos quest&otilde;es relacionadas &agrave; desonera&ccedil;&atilde;o tribut&aacute;ria (citando especificamente os modens) e ao uso do Fundo de Universaliza&ccedil;&atilde;o das Telecomunica&ccedil;&otilde;es (Fust). Estes dois temas est&atilde;o entre os mais citados pelos empres&aacute;rios nos espa&ccedil;os onde o PNBL tem sido pautado.<\/p>\n<p>O ministro das Comunica&ccedil;&otilde;es tamb&eacute;m foi enf&aacute;tico ao afirmar que n&atilde;o h&aacute; nenhuma decis&atilde;o a respeito da reativa&ccedil;&atilde;o da Telebr&aacute;s. Costa foi ir&ocirc;nico ao comentar o assunto, outro ponto que tamb&eacute;m &eacute; questionado pelas teles. Fazendo refer&ecirc;ncia &agrave; reuni&atilde;o entre o presidente Lula e representantes de organiza&ccedil;&otilde;es ligadas &agrave; &aacute;rea das comunica&ccedil;&otilde;es e de universidades, o ministro disse: &ldquo;Havia um an&atilde;ozinho embaixo da mesa naquela reuni&atilde;o e que passou uma informa&ccedil;&atilde;o que n&atilde;o estava absolutamente correta.&rdquo;<\/p>\n<p><em>Com informa&ccedil;&otilde;es da Ag&ecirc;ncia Brasil e do TeleTime News.<\/p>\n<p><\/em><strong><span style=\"font-style: normal\">VEJA TAMB&Eacute;M:<\/span><\/strong><br \/><a href=\"http:\/\/localhost\/intervozes_direitoacomunicacao\/wordpress\/?p=23902\">Cobertura da banda larga obedece a crit&eacute;rios de renda<\/a> <br \/><a href=\"http:\/\/localhost\/intervozes_direitoacomunicacao\/wordpress\/?p=23901\">Lula compromete-se com retomada da Telebr&aacute;s e a reduzir pre&ccedil;os da banda larga<\/a> <br \/><a href=\"http:\/\/localhost\/intervozes_direitoacomunicacao\/wordpress\/?p=23905\">Governo reafirma que atuar&aacute; como competidor e empres&aacute;rios reclamam<\/a> <\/p>\n","protected":false},"excerpt":{"rendered":"<p>Reuni&atilde;o de Lula com 11 ministros, que deveria fechar detalhes do projeto, terminou sem nenhum an&uacute;ncio oficial<\/p>\n","protected":false},"author":1,"featured_media":0,"comment_status":"open","ping_status":"open","sticky":false,"template":"","format":"standard","meta":{"footnotes":""},"categories":[40],"tags":[1123],"_links":{"self":[{"href":"https:\/\/obscom.intervozes.org.br\/index.php?rest_route=\/wp\/v2\/posts\/23936"}],"collection":[{"href":"https:\/\/obscom.intervozes.org.br\/index.php?rest_route=\/wp\/v2\/posts"}],"about":[{"href":"https:\/\/obscom.intervozes.org.br\/index.php?rest_route=\/wp\/v2\/types\/post"}],"author":[{"embeddable":true,"href":"https:\/\/obscom.intervozes.org.br\/index.php?rest_route=\/wp\/v2\/users\/1"}],"replies":[{"embeddable":true,"href":"https:\/\/obscom.intervozes.org.br\/index.php?rest_route=%2Fwp%2Fv2%2Fcomments&post=23936"}],"version-history":[{"count":3,"href":"https:\/\/obscom.intervozes.org.br\/index.php?rest_route=\/wp\/v2\/posts\/23936\/revisions"}],"predecessor-version":[{"id":28085,"href":"https:\/\/obscom.intervozes.org.br\/index.php?rest_route=\/wp\/v2\/posts\/23936\/revisions\/28085"}],"wp:attachment":[{"href":"https:\/\/obscom.intervozes.org.br\/index.php?rest_route=%2Fwp%2Fv2%2Fmedia&parent=23936"}],"wp:term":[{"taxonomy":"category","embeddable":true,"href":"https:\/\/obscom.intervozes.org.br\/index.php?rest_route=%2Fwp%2Fv2%2Fcategories&post=23936"},{"taxonomy":"post_tag","embeddable":true,"href":"https:\/\/obscom.intervozes.org.br\/index.php?rest_route=%2Fwp%2Fv2%2Ftags&post=23936"}],"curies":[{"name":"wp","href":"https:\/\/api.w.org\/{rel}","templated":true}]}}