{"id":23934,"date":"2010-02-10T15:47:51","date_gmt":"2010-02-10T15:47:51","guid":{"rendered":"https:\/\/obscom.intervozes.org.br\/wordpress\/?p=23934"},"modified":"2010-02-10T15:47:51","modified_gmt":"2010-02-10T15:47:51","slug":"a-triade-regulatoria-do-acesso-a-informacao","status":"publish","type":"post","link":"https:\/\/obscom.intervozes.org.br\/?p=23934","title":{"rendered":"A tr\u00edade regulat\u00f3ria do acesso \u00e0 informa\u00e7\u00e3o"},"content":{"rendered":"<p>   \t \t \t \t \t<!-- \t\t@page { margin: 2cm } \t\tP { margin-bottom: 0.21cm } \t--> \t  <\/p>\n<p style=\"margin-bottom: 0cm\" class=\"western\">O acesso &agrave; informa&ccedil;&atilde;o &eacute; uma premissa b&aacute;sica para a realiza&ccedil;&atilde;o da cidadania, um direito fundamental de qualquer pessoa. A realiza&ccedil;&atilde;o plena da cidadania passa necessariamente pela efetiva&ccedil;&atilde;o desse direito. Os direitos do consumidor, para que se concretizem como uma esfera do exerc&iacute;cio da cidadania, que s&atilde;o, dependem, portanto, do respeito a esse direito fundamental &agrave; informa&ccedil;&atilde;o.<\/p>\n<p>No cen&aacute;rio atual, o acesso &agrave; informa&ccedil;&atilde;o, &agrave; cultura e ao conhecimento encontra-se em um est&aacute;gio peculiar. Muitas possibilidades se abrem e a converg&ecirc;ncia das v&aacute;rias tecnologias e servi&ccedil;os facilita o uso integrado de ferramentas para o acesso aos produtos, obras e bens das mais variadas maneiras. A interatividade surge como fen&ocirc;meno importante para o protagonismo do consumidor e, consequentemente, para um novo papel que lhe pode ser atribu&iacute;do, indo da passividade para uma posi&ccedil;&atilde;o ativa de produtor e criador.<\/p>\n<p>A internet reproduz e amplia os recursos do chamado ambiente real e d&aacute; mostras de seu efetivo potencial de democratiza&ccedil;&atilde;o: cria uma ambi&ecirc;ncia em que as trocas de obras, produtos, mercadorias, informa&ccedil;&otilde;es se d&atilde;o de forma muito mais &aacute;gil, din&acirc;mica e direta. Muitas vezes, sem a necessidade de intermedi&aacute;rios. As rela&ccedil;&otilde;es de consumo s&atilde;o catalisadas e o acesso aos bens de todo g&ecirc;nero fica enormemente facilitado.<\/p>\n<p>Nesse contexto, de um lado est&atilde;o os direitos e as demandas do consumidor-cidad&atilde;o. De outro, as leis que regulam a utiliza&ccedil;&atilde;o, a circula&ccedil;&atilde;o e o compartilhamento das obras educacionais e culturais, ampliando ou restringindo o espectro de acesso a elas.<\/p>\n<p>Diretamente relacionados a essa situa&ccedil;&atilde;o, tr&ecirc;s processos ganham import&acirc;ncia central no atual momento pol&iacute;tico. A reforma da lei de direitos autorais (Lei 9.610\/98 &#8211; LDA) e a constru&ccedil;&atilde;o do marco civil da internet s&atilde;o dois deles. Ambos prestes a serem colocados em consulta p&uacute;blica pelo Minist&eacute;rio da Cultura e pelo Minist&eacute;rio da Justi&ccedil;a, respectivamente. O terceiro, t&atilde;o importante quanto, diz respeito &agrave; universaliza&ccedil;&atilde;o da banda larga, como servi&ccedil;o essencial que deve ser prestado em regime p&uacute;blico.<\/p>\n<p>A regula&ccedil;&atilde;o dos direitos autorais atinge direta e indiretamente as rela&ccedil;&otilde;es de consumo, o exerc&iacute;cio da cidadania e o direito &agrave; educa&ccedil;&atilde;o. A LDA tem se mostrado insuficiente e inadequada para dar conta das novas demandas emergentes com a era tecnol&oacute;gica. Isso fica evidente quando se analisam alguns pontos essenciais da referida lei. Por exemplo, o seu descompasso com os novos usos de obras permitidos pelas novas tecnologias; a proibi&ccedil;&atilde;o do uso de obras protegidas para fins educacionais e cient&iacute;ficos; e a prote&ccedil;&atilde;o inadequada dos autores na sua rela&ccedil;&atilde;o com os intermedi&aacute;rios culturais.<\/p>\n<p>Assim, a LDA, como vige, mostra-se faticamente restritiva, inflex&iacute;vel e pouco voltada para o interesse p&uacute;blico. A sua reforma, portanto, torna-se um imperativo para o efetivo acesso aos bens e para a utiliza&ccedil;&atilde;o adequada dos mesmos.<\/p>\n<p>Intrinsecamente ligado a isso est&aacute; o marco civil da internet: a regula&ccedil;&atilde;o jur&iacute;dica de como se dar&aacute; o uso do ambiente virtual no Brasil e de todas as rela&ccedil;&otilde;es que ali se estabelecem, inclusive as de consumo. S&atilde;o as garantias b&aacute;sicas de como ser&atilde;o utilizados os dados e informa&ccedil;&otilde;es dos usu&aacute;rios pelas empresas provedoras e pelo governo. Dever&aacute; trazer normas de preserva&ccedil;&atilde;o do sigilo e da privacidade dos usu&aacute;rios e de responsabiliza&ccedil;&atilde;o dos provedores. O marco poder&aacute; ser considerado, nas palavras de Ronaldo Lemos, o &quot;C&oacute;digo de Defesa da internet brasileira&quot;.<\/p>\n<p>Por fim, outro processo em discuss&atilde;o &eacute; o da universaliza&ccedil;&atilde;o da banda larga. Ele fecha o que pode ser entendido como a tr&iacute;ade regulat&oacute;ria brasileira do acesso &agrave; informa&ccedil;&atilde;o na era digital. O servi&ccedil;o de banda larga &eacute; essencial para o acesso &agrave; internet e para os diferentes aspectos da vida cultural, social e econ&ocirc;mica. Uma ferramenta cotidiana para diversos trabalhos e fun&ccedil;&otilde;es, do lazer &agrave; educa&ccedil;&atilde;o. Contudo, a utiliza&ccedil;&atilde;o da banda larga no Brasil est&aacute; restrita &agrave;s regi&otilde;es e classes mais ricas. Pesquisa do Comit&ecirc; Gestor da Internet (CGI) aponta que apenas 1% das fam&iacute;lias com renda de at&eacute; R$ 415,00 t&ecirc;m acesso &agrave; banda larga, enquanto fam&iacute;lias que possuem renda dez vezes superior apresentam &iacute;ndice de 81% de acesso ao servi&ccedil;o.<\/p>\n<p>A banda larga, hoje prestada em regime privado, deveria ser tratada pelo governo como servi&ccedil;o essencial. &Eacute; fundamental a todos os brasileiros e, como tal, merece uma pol&iacute;tica p&uacute;blica &agrave; altura, que d&ecirc; conta de democratiz&aacute;-la. Espera-se que o Plano Nacional de Banda Larga, em discuss&atilde;o, represente um novo paradigma e contemple essa necessidade.<\/p>\n<p>O Idec defende o direito &agrave; informa&ccedil;&atilde;o e atua para que esses processos se concretizem. Para que a reforma da LDA traga o efetivo equil&iacute;brio entre a prote&ccedil;&atilde;o dos direitos autorais e o interesse p&uacute;blico. Para que o marco civil da internet seja eficaz na prote&ccedil;&atilde;o dos usu&aacute;rios e consumidores. E para que a banda larga seja, de fato, um servi&ccedil;o essencial, um instrumento capaz de concretizar os direitos fundamentais ao conhecimento, &agrave; cultura e &agrave; educa&ccedil;&atilde;o.<\/p>\n<p>* Guilherme Varella e Estela Guerrini s&atilde;o Advogados do Instituto Brasileiro de Defesa do Consumidor (Idec).<\/p>\n","protected":false},"excerpt":{"rendered":"<p>Ganham import&acirc;ncia central a reforma da lei de direitos autorais, a constru&ccedil;&atilde;o do marco civil da internet e a universaliza&ccedil;&atilde;o da banda larga. <\/p>\n","protected":false},"author":1,"featured_media":0,"comment_status":"open","ping_status":"open","sticky":false,"template":"","format":"standard","meta":{"footnotes":""},"categories":[42],"tags":[1219],"_links":{"self":[{"href":"https:\/\/obscom.intervozes.org.br\/index.php?rest_route=\/wp\/v2\/posts\/23934"}],"collection":[{"href":"https:\/\/obscom.intervozes.org.br\/index.php?rest_route=\/wp\/v2\/posts"}],"about":[{"href":"https:\/\/obscom.intervozes.org.br\/index.php?rest_route=\/wp\/v2\/types\/post"}],"author":[{"embeddable":true,"href":"https:\/\/obscom.intervozes.org.br\/index.php?rest_route=\/wp\/v2\/users\/1"}],"replies":[{"embeddable":true,"href":"https:\/\/obscom.intervozes.org.br\/index.php?rest_route=%2Fwp%2Fv2%2Fcomments&post=23934"}],"version-history":[{"count":0,"href":"https:\/\/obscom.intervozes.org.br\/index.php?rest_route=\/wp\/v2\/posts\/23934\/revisions"}],"wp:attachment":[{"href":"https:\/\/obscom.intervozes.org.br\/index.php?rest_route=%2Fwp%2Fv2%2Fmedia&parent=23934"}],"wp:term":[{"taxonomy":"category","embeddable":true,"href":"https:\/\/obscom.intervozes.org.br\/index.php?rest_route=%2Fwp%2Fv2%2Fcategories&post=23934"},{"taxonomy":"post_tag","embeddable":true,"href":"https:\/\/obscom.intervozes.org.br\/index.php?rest_route=%2Fwp%2Fv2%2Ftags&post=23934"}],"curies":[{"name":"wp","href":"https:\/\/api.w.org\/{rel}","templated":true}]}}