{"id":23916,"date":"2010-02-08T16:07:51","date_gmt":"2010-02-08T16:07:51","guid":{"rendered":"https:\/\/obscom.intervozes.org.br\/wordpress\/?p=23916"},"modified":"2010-02-08T16:07:51","modified_gmt":"2010-02-08T16:07:51","slug":"identificar-propostas-prioritarias-e-primeiro-desafio-pos-conferencia","status":"publish","type":"post","link":"https:\/\/obscom.intervozes.org.br\/?p=23916","title":{"rendered":"Identificar propostas priorit\u00e1rias \u00e9 primeiro desafio p\u00f3s-Confer\u00eancia"},"content":{"rendered":"<p>   \t \t \t \t \t<!-- \t\t@page { margin: 2cm } \t\tP { margin-bottom: 0.21cm } \t--> \t  <\/p>\n<p style=\"margin-bottom: 0cm\" class=\"padrao\">O debate sobre os temas e propostas colocados em pauta no processo da 1&ordf; Confer&ecirc;ncia Nacional de Comunica&ccedil;&atilde;o (Confecom) come&ccedil;a a ganhar corpo novamente. O desafio agora &eacute; pensar como fazer sair do papel as 665 resolu&ccedil;&otilde;es aprovadas na etapa final do processo. Nesta quinta (4), no semin&aacute;rio Pol&iacute;ticas de (Tele)comunica&ccedil;&otilde;es, realizado em Bras&iacute;lia, os empres&aacute;rios, o poder p&uacute;blico e a sociedade civil come&ccedil;aram a tra&ccedil;ar proje&ccedil;&otilde;es sobre o que fazer neste momento. O evento foi organizado pela revista <em><font color=\"#000000\">TeleTime<\/font><\/em> em parceria com o Centro de Estudos de Pol&iacute;ticas de Comunica&ccedil;&atilde;o da Universidade de Bras&iacute;lia (UnB). <\/p>\n<p>Uma das primeiras a&ccedil;&otilde;es esperadas &eacute; a finaliza&ccedil;&atilde;o do processo. Depois do fim da Confecom, em 17 de dezembro, a Comiss&atilde;o Organizadora Nacional (CON) ainda n&atilde;o se reuniu. As propostas aprovadas e as n&atilde;o apreciadas est&atilde;o no portal eletr&ocirc;nico oficial do evento, por&eacute;m, o caderno final da Confer&ecirc;ncia ainda n&atilde;o foi sistematizado. Segundo o consultor jur&iacute;dico do Minist&eacute;rio das Comunica&ccedil;&otilde;es, Marcelo Bechara, a comiss&atilde;o deve voltar a se encontrar at&eacute; o fim deste m&ecirc;s, e o caderno deve ficar pronto no segundo semestre. Esse documento, al&eacute;m das propostas, vai contar tamb&eacute;m com informa&ccedil;&otilde;es sobre todo o processo. <\/p>\n<p>Bechara tamb&eacute;m comentou que o governo quer que os setores que participaram da Confecom continuem em constante di&aacute;logo. &ldquo;Isso poderia ser feito com a cria&ccedil;&atilde;o do Conselho de Comunica&ccedil;&atilde;o Social&rdquo;, sinalizou ele, que foi rec&eacute;m nomeado para procurador-geral da Anatel. A proposta foi aprovada por unanimidade na etapa nacional da Confecom. Para v&aacute;rias entidades da sociedade civil, a implanta&ccedil;&atilde;o desse &oacute;rg&atilde;o seria um dos mais importantes resultados da Confer&ecirc;ncia. <\/p>\n<p>Apesar de haver ainda algumas diverg&ecirc;ncias entre os encaminhamentos, a ideia de organizar e priorizar as propostas parece agradar aos diferentes setores. O senador e presidente da Comiss&atilde;o de Ci&ecirc;ncia, Tecnologia, Comunica&ccedil;&atilde;o e Inova&ccedil;&atilde;o do Senado, Flexa Ribeiro (PSDB\/PA), prop&ocirc;s que o governo fa&ccedil;a um funil com as delibera&ccedil;&otilde;es e depois envie ao Congresso aquelas que precisam se transformar em projetos de lei. Ele prop&otilde;e tamb&eacute;m a forma&ccedil;&atilde;o de um grupo de trabalho conjunto entre C&acirc;mara e Senado. O objetivo, segundo ele, seria acelerar a concretiza&ccedil;&atilde;o das poss&iacute;veis futuras  leis e altera&ccedil;&otilde;es normativas, a fim de se chegar a consensos entre os parlamentares. <\/p>\n<p>Para Jonas Valente, que representou o Intervozes &ndash; Coletivo Brasil de Comunica&ccedil;&atilde;o Social na Comiss&atilde;o Organizadora Nacional, tamb&eacute;m deve ser feita uma an&aacute;lise das resolu&ccedil;&otilde;es para que se verifique quais n&atilde;o dependem de aprova&ccedil;&atilde;o do Congresso. Seriam as resolu&ccedil;&otilde;es exequ&iacute;veis apenas pela a&ccedil;&atilde;o do Executivo. Apesar de avaliar que o calend&aacute;rio eleitoral pode impactar o processo, Valente entende que isso n&atilde;o &eacute; motivo suficiente para que n&atilde;o se inicie um debate sobre um novo marco regulat&oacute;rio para o setor das comunica&ccedil;&otilde;es. Ele tamb&eacute;m avalia que &eacute; preciso continuar com a mobiliza&ccedil;&atilde;o que a Confecom gerou. &ldquo;O fim dela [a Confer&ecirc;ncia] mostra que os setores que apostaram na sa&iacute;da perderam uma oportunidade de um rico debate. Um setor que nunca teve debate p&uacute;blico realizou a sua confer&ecirc;ncia&rdquo;, disse Valente, comemorando o fato de mais de 30 mil pessoas terem se envolvido com o processo no pa&iacute;s. <\/p>\n<p>De forma semelhante, o vice-presidente da Associa&ccedil;&atilde;o Brasileira de Radiodifusores (Abra), Frederico Nogueira, salientou a import&acirc;ncia do di&aacute;logo entre os setores que ocorreu na Confer&ecirc;ncia. Ele prop&otilde;e que seja feita uma depura&ccedil;&atilde;o das propostas a partir daquelas que tiveram &iacute;ndices de aceita&ccedil;&atilde;o maiores. &ldquo;O que foi aprovado por 100% (dos delegados) &eacute; &oacute;bvio que fica mais f&aacute;cil colocar em pr&aacute;tica&rdquo;, opinou o empres&aacute;rio.<\/p>\n<p>Uma das falas no debate sobre a Confecom, por&eacute;m, destoou. Representando a Associa&ccedil;&atilde;o Brasileira de Emissoras de R&aacute;dio e Televis&atilde;o (Abert), o vice-presidente de Rela&ccedil;&otilde;es Institucionais da TV Globo, Evandro Guimar&atilde;es, fez quest&atilde;o de afirmar que o Congresso &eacute; o local adequado para se formular e executar as pol&iacute;ticas p&uacute;blicas da &aacute;rea. &ldquo;A representa&ccedil;&atilde;o delegada aos congressistas est&aacute; funcionando. Nada contra o debate, mas a favor do entendimento que a democracia representativa funciona. O Congresso Nacional j&aacute; traduz as ansiedades do mundo da comunica&ccedil;&atilde;o social&rdquo;, argumentou o diretor da Abert. <\/p>\n<p>Ele sustentou seu argumento com o fato de haver delibera&ccedil;&otilde;es da Confer&ecirc;ncia que j&aacute; s&atilde;o objeto de projetos de lei. &ldquo;Identificamos que no Congresso existem 320 projetos sobre os mesmos temas (das resolu&ccedil;&otilde;es da Confecom) que est&atilde;o tramitando ou aguardando tramita&ccedil;&atilde;o&rdquo;, disse. Para ele, as delibera&ccedil;&otilde;es devem servir apenas como um &ldquo;dado de informa&ccedil;&atilde;o&rdquo;. A Abert e mais cinco entidades empresariais come&ccedil;aram a participar da Confecom, mas abandonaram o processo no meio do caminho.<\/p>\n","protected":false},"excerpt":{"rendered":"<p>Governo, sociedade civil, Parlamento e parte dos empres&aacute;rios prop&otilde;em organizar agenda para o setor; Abert questiona validade das resolu&ccedil;&otilde;es<\/p>\n","protected":false},"author":1,"featured_media":0,"comment_status":"open","ping_status":"open","sticky":false,"template":"","format":"standard","meta":{"footnotes":""},"categories":[40],"tags":[1012],"_links":{"self":[{"href":"https:\/\/obscom.intervozes.org.br\/index.php?rest_route=\/wp\/v2\/posts\/23916"}],"collection":[{"href":"https:\/\/obscom.intervozes.org.br\/index.php?rest_route=\/wp\/v2\/posts"}],"about":[{"href":"https:\/\/obscom.intervozes.org.br\/index.php?rest_route=\/wp\/v2\/types\/post"}],"author":[{"embeddable":true,"href":"https:\/\/obscom.intervozes.org.br\/index.php?rest_route=\/wp\/v2\/users\/1"}],"replies":[{"embeddable":true,"href":"https:\/\/obscom.intervozes.org.br\/index.php?rest_route=%2Fwp%2Fv2%2Fcomments&post=23916"}],"version-history":[{"count":0,"href":"https:\/\/obscom.intervozes.org.br\/index.php?rest_route=\/wp\/v2\/posts\/23916\/revisions"}],"wp:attachment":[{"href":"https:\/\/obscom.intervozes.org.br\/index.php?rest_route=%2Fwp%2Fv2%2Fmedia&parent=23916"}],"wp:term":[{"taxonomy":"category","embeddable":true,"href":"https:\/\/obscom.intervozes.org.br\/index.php?rest_route=%2Fwp%2Fv2%2Fcategories&post=23916"},{"taxonomy":"post_tag","embeddable":true,"href":"https:\/\/obscom.intervozes.org.br\/index.php?rest_route=%2Fwp%2Fv2%2Ftags&post=23916"}],"curies":[{"name":"wp","href":"https:\/\/api.w.org\/{rel}","templated":true}]}}