{"id":23914,"date":"2010-02-05T16:04:31","date_gmt":"2010-02-05T16:04:31","guid":{"rendered":"https:\/\/obscom.intervozes.org.br\/wordpress\/?p=23914"},"modified":"2010-02-05T16:04:31","modified_gmt":"2010-02-05T16:04:31","slug":"entidades-tem-propostas-distintas-para-colocar-recomendacoes-da-confecom-em-pratica","status":"publish","type":"post","link":"https:\/\/obscom.intervozes.org.br\/?p=23914","title":{"rendered":"Entidades t\u00eam propostas distintas para colocar recomenda\u00e7\u00f5es da Confecom em pr\u00e1tica"},"content":{"rendered":"<p><span class=\"padrao\">Ser&aacute; objeto de novas pol&ecirc;micas e batalhas o encaminhamento que ser&aacute; dado &agrave;s delibera&ccedil;&otilde;es da Confer&ecirc;ncia Nacional de Comunica&ccedil;&atilde;o (Confecom), realizada em dezembro e que apontou, por vota&ccedil;&atilde;o, centenas de pontos que devem e precisam ser pensados e aprofundados em rela&ccedil;&atilde;o ao setor. Foi isso o que o 9&ordm; Semin&aacute;rio Pol&iacute;ticas de (Tele)Comunica&ccedil;&otilde;es, realizado nesta quinta, 4, pela TELETIME e pelo Centro de Estudos de Pol&iacute;ticas de Comunica&ccedil;&otilde;es da UnB, em Bras&iacute;lia, aponto. Para Evandro Guimar&atilde;es, vice-presidente de rela&ccedil;&otilde;es institucionais da TV Globo e diretor da Abert (que n&atilde;o participou da Confecom), quase a totalidade das propostas aprovadas pela Confecom j&aacute; &eacute; hoje objeto de an&aacute;lise pelo Congresso Nacional. &quot;Existem 320 projetos de lei que tramitam no Congresso, alguns em est&aacute;gio avan&ccedil;ado, outros ainda aguardando o momento ideal de tramita&ccedil;&atilde;o, que tratam de quest&otilde;es de comunica&ccedil;&otilde;es social e telecomunica&ccedil;&otilde;es. Praticamente todos os pontos levantados pela Confecom s&atilde;o abrangidos por estes projetos&quot;, disse Guimar&atilde;es. &quot;O que eu quero dizer &eacute; que j&aacute; existe um foro adequado para estas discuss&otilde;es, que &eacute; o Congresso, e que o Congresso j&aacute; est&aacute; trabalhando nesses temas&quot;.<\/p>\n<p>Para Frederico Nogueira, vice-presidente da Abra (que tamb&eacute;m representa os radiodifusores) e diretor executivo do grupo Bandeirantes, a Confecom foi um processo importante de di&aacute;logo democr&aacute;tico de onde se tirou um conjunto relevante de propostas. &quot;Agora, o melhor caminho &eacute; olhar para aquelas propostas que foram aprovadas por consenso e buscar dar a elas o encaminhamento necess&aacute;rio, seja na forma de projetos de lei, seja cobrando a&ccedil;&otilde;es do Executivo&quot;. A Abra foi, juntamente com a Telebrasil (representando as teles), uma das entidades empresariais que decidiram permanecer na Confecom.<\/p>\n<p>Para Jonas Valente, do coletivo Intervozes, que tamb&eacute;m participou de maneira intensa dos debates e negocia&ccedil;&otilde;es da Confecom, a confer&ecirc;ncia chegou a um conjunto de propostas que agora precisam ser separadas entre aquelas exequ&iacute;veis no curto prazo e aquelas que demandam uma discuss&atilde;o mais aprofundada do modelo. Para ele, a Confecom precisa ter continuidade, pois foi a primeira vez que o debate saiu do &acirc;mbito setorial. Algumas das conclus&otilde;es sugerem uma necessidade de mudan&ccedil;a mais profunda na legisla&ccedil;&atilde;o de comunica&ccedil;&atilde;o, diz Jonas Valente, e outras recomenda&ccedil;&otilde;es podem ser executadas rapidamente pelo Poder Executivo.<br \/><\/span><\/p>\n","protected":false},"excerpt":{"rendered":"<p>Ser&aacute; objeto de novas pol&ecirc;micas e batalhas o encaminhamento que ser&aacute; dado &agrave;s delibera&ccedil;&otilde;es da Confer&ecirc;ncia Nacional de Comunica&ccedil;&atilde;o (Confecom), realizada em dezembro e que apontou, por vota&ccedil;&atilde;o, centenas de pontos que devem e precisam ser pensados e aprofundados em rela&ccedil;&atilde;o ao setor. Foi isso o que o 9&ordm; Semin&aacute;rio Pol&iacute;ticas de (Tele)Comunica&ccedil;&otilde;es, realizado nesta &hellip; <a href=\"https:\/\/obscom.intervozes.org.br\/?p=23914\" class=\"more-link\">Continue lendo <span class=\"screen-reader-text\">Entidades t\u00eam propostas distintas para colocar recomenda\u00e7\u00f5es da Confecom em pr\u00e1tica<\/span> <span class=\"meta-nav\">&rarr;<\/span><\/a><\/p>\n","protected":false},"author":1,"featured_media":0,"comment_status":"open","ping_status":"open","sticky":false,"template":"","format":"standard","meta":{"footnotes":""},"categories":[40],"tags":[1012],"_links":{"self":[{"href":"https:\/\/obscom.intervozes.org.br\/index.php?rest_route=\/wp\/v2\/posts\/23914"}],"collection":[{"href":"https:\/\/obscom.intervozes.org.br\/index.php?rest_route=\/wp\/v2\/posts"}],"about":[{"href":"https:\/\/obscom.intervozes.org.br\/index.php?rest_route=\/wp\/v2\/types\/post"}],"author":[{"embeddable":true,"href":"https:\/\/obscom.intervozes.org.br\/index.php?rest_route=\/wp\/v2\/users\/1"}],"replies":[{"embeddable":true,"href":"https:\/\/obscom.intervozes.org.br\/index.php?rest_route=%2Fwp%2Fv2%2Fcomments&post=23914"}],"version-history":[{"count":0,"href":"https:\/\/obscom.intervozes.org.br\/index.php?rest_route=\/wp\/v2\/posts\/23914\/revisions"}],"wp:attachment":[{"href":"https:\/\/obscom.intervozes.org.br\/index.php?rest_route=%2Fwp%2Fv2%2Fmedia&parent=23914"}],"wp:term":[{"taxonomy":"category","embeddable":true,"href":"https:\/\/obscom.intervozes.org.br\/index.php?rest_route=%2Fwp%2Fv2%2Fcategories&post=23914"},{"taxonomy":"post_tag","embeddable":true,"href":"https:\/\/obscom.intervozes.org.br\/index.php?rest_route=%2Fwp%2Fv2%2Ftags&post=23914"}],"curies":[{"name":"wp","href":"https:\/\/api.w.org\/{rel}","templated":true}]}}