{"id":23904,"date":"2010-02-04T18:15:17","date_gmt":"2010-02-04T18:15:17","guid":{"rendered":"https:\/\/obscom.intervozes.org.br\/wordpress\/?p=23904"},"modified":"2010-02-04T18:15:17","modified_gmt":"2010-02-04T18:15:17","slug":"justica-argentina-suspende-aplicacao-da-lei-de-radiodifusao","status":"publish","type":"post","link":"https:\/\/obscom.intervozes.org.br\/?p=23904","title":{"rendered":"Justi\u00e7a argentina suspende aplica\u00e7\u00e3o da Lei de Radiodifus\u00e3o"},"content":{"rendered":"<p>   \t \t \t \t \t<!-- \t\t@page { margin: 2cm } \t\tP { margin-bottom: 0.21cm } \t--> \t  <\/p>\n<p style=\"margin-bottom: 0cm\" class=\"padrao\"><strong>Reproduzido do Comunique-se<\/strong><\/p>\n<p>A Justi&ccedil;a argentina suspendeu a aplica&ccedil;&atilde;o da Lei de Radiodifus&atilde;o, aprovada em outubro do ano passado e alvo de cr&iacute;ticas dos grandes grupos de comunica&ccedil;&atilde;o do pa&iacute;s. A decis&atilde;o &eacute; da ju&iacute;za Olga Pura de Arrabal, da prov&iacute;ncia de Mendoza, que acatou recurso apresentado pelo deputado Enrique Thomas.<\/p>\n<p>&quot;A ju&iacute;za advertiu sobre irregularidades nas convoca&ccedil;&otilde;es &agrave;s sess&otilde;es das comiss&otilde;es parlamentares que discutiram a lei. Foram feitas com poucas horas de antecipa&ccedil;&atilde;o, o que impediu que muitos deputados do interior n&atilde;o pudessem comparecer ao debate&quot;, disse Thomas ao La Naci&oacute;n.<\/p>\n<p>O deputado, membro do partido Unidade Popular, informou que a decis&atilde;o foi tomada em 21\/12\/2009, mas faltava notificar o Executivo e o Parlamento, o que a ju&iacute;za s&oacute; conseguiu fazer agora, ap&oacute;s o recesso judicial. O governo deve recorrer da decis&atilde;o.<\/p>\n<p>A Lei de Radiodifus&atilde;o &eacute; criticada pelos grandes grupos de m&iacute;dia e setores da oposi&ccedil;&atilde;o, que consideram que ela permite um controle maior do Executivo sobre os ve&iacute;culos de comunica&ccedil;&atilde;o. O governo e os movimentos sociais defendem que a lei democratiza a comunica&ccedil;&atilde;o.<\/p>\n<p>Um dos pontos mais pol&ecirc;micos &eacute; o que limita o n&uacute;mero de concess&otilde;es de r&aacute;dio e TV que uma mesma empresa pode possuir. <em>(Da reda&ccedil;&atilde;o, com informa&ccedil;&otilde;es da EFE)<\/em><\/p>\n","protected":false},"excerpt":{"rendered":"<p>Reproduzido do Comunique-se A Justi&ccedil;a argentina suspendeu a aplica&ccedil;&atilde;o da Lei de Radiodifus&atilde;o, aprovada em outubro do ano passado e alvo de cr&iacute;ticas dos grandes grupos de comunica&ccedil;&atilde;o do pa&iacute;s. A decis&atilde;o &eacute; da ju&iacute;za Olga Pura de Arrabal, da prov&iacute;ncia de Mendoza, que acatou recurso apresentado pelo deputado Enrique Thomas. &quot;A ju&iacute;za advertiu sobre &hellip; <a href=\"https:\/\/obscom.intervozes.org.br\/?p=23904\" class=\"more-link\">Continue lendo <span class=\"screen-reader-text\">Justi\u00e7a argentina suspende aplica\u00e7\u00e3o da Lei de Radiodifus\u00e3o<\/span> <span class=\"meta-nav\">&rarr;<\/span><\/a><\/p>\n","protected":false},"author":1,"featured_media":0,"comment_status":"open","ping_status":"open","sticky":false,"template":"","format":"standard","meta":{"footnotes":""},"categories":[39],"tags":[],"_links":{"self":[{"href":"https:\/\/obscom.intervozes.org.br\/index.php?rest_route=\/wp\/v2\/posts\/23904"}],"collection":[{"href":"https:\/\/obscom.intervozes.org.br\/index.php?rest_route=\/wp\/v2\/posts"}],"about":[{"href":"https:\/\/obscom.intervozes.org.br\/index.php?rest_route=\/wp\/v2\/types\/post"}],"author":[{"embeddable":true,"href":"https:\/\/obscom.intervozes.org.br\/index.php?rest_route=\/wp\/v2\/users\/1"}],"replies":[{"embeddable":true,"href":"https:\/\/obscom.intervozes.org.br\/index.php?rest_route=%2Fwp%2Fv2%2Fcomments&post=23904"}],"version-history":[{"count":0,"href":"https:\/\/obscom.intervozes.org.br\/index.php?rest_route=\/wp\/v2\/posts\/23904\/revisions"}],"wp:attachment":[{"href":"https:\/\/obscom.intervozes.org.br\/index.php?rest_route=%2Fwp%2Fv2%2Fmedia&parent=23904"}],"wp:term":[{"taxonomy":"category","embeddable":true,"href":"https:\/\/obscom.intervozes.org.br\/index.php?rest_route=%2Fwp%2Fv2%2Fcategories&post=23904"},{"taxonomy":"post_tag","embeddable":true,"href":"https:\/\/obscom.intervozes.org.br\/index.php?rest_route=%2Fwp%2Fv2%2Ftags&post=23904"}],"curies":[{"name":"wp","href":"https:\/\/api.w.org\/{rel}","templated":true}]}}