{"id":23898,"date":"2010-02-03T16:12:56","date_gmt":"2010-02-03T16:12:56","guid":{"rendered":"https:\/\/obscom.intervozes.org.br\/wordpress\/?p=23898"},"modified":"2010-02-03T16:12:56","modified_gmt":"2010-02-03T16:12:56","slug":"relacao-entre-midia-e-democracia-foi-tema-de-debate-no-forum-social-tematico","status":"publish","type":"post","link":"https:\/\/obscom.intervozes.org.br\/?p=23898","title":{"rendered":"Rela\u00e7\u00e3o entre m\u00eddia e democracia foi tema de debate no F\u00f3rum Social Tem\u00e1tico"},"content":{"rendered":"<p> \t \t \t \t<!-- \t\t@page { margin: 2cm } \t\tP { margin-bottom: 0.21cm } \t--><em>[T&iacute;tulo original: M&iacute;dia e democracia no FSM Bahia]<\/em><\/p>\n<p style=\"margin-bottom: 0cm\" class=\"padrao\">A rela&ccedil;&atilde;o entre m&iacute;dia e democracia foi tema de debate no F&oacute;rum Social Tem&aacute;tico da Bahia, na sexta, 29. Na mesa do encontro estavam M&aacute;rio Lubetkin, jornalista do Inter Press Service News Agency (IPS), Bernard Cassen, do Le Monde Diplomatique, Luiza Erundina, deputada federal (PSB-SP), Robinson Almeida, secret&aacute;rio de Comunica&ccedil;&atilde;o (BA), Albino Rubim, professor da Universidade Federal da Bahia (UFBA) e Renato Rovai, da Revista F&oacute;rum. <br \/>&nbsp;<br \/>De acordo com Rubim, o tema essencial nos dias de hoje &eacute; que a m&iacute;dia tem o poder de dar visibilidade ou de silenciar algo. &ldquo;A m&iacute;dia constroi exist&ecirc;ncia p&uacute;blica e interpreta a realidade. Por isso, numa sociedade democr&aacute;tica, onde h&aacute; pluralidade de interpreta&ccedil;&otilde;es da realidade, &eacute; fundamental que a m&iacute;dia seja plural&rdquo;, entende. <br \/>&nbsp;<br \/>At&eacute; pela falta de uma m&iacute;dia plural, para a deputada Erundina, &ldquo;n&atilde;o h&aacute; democracia plena no Brasil. Temos uma democracia limitada, negociada, express&atilde;o do poder econ&ocirc;mico&rdquo;. Segundo ela, os parlamentares n&atilde;o t&ecirc;m interesse em debater uma legisla&ccedil;&atilde;o que democratize as comunica&ccedil;&otilde;es, porque boa parte deles tem concess&otilde;es. &ldquo;A sociedade tem que se mobilizar para for&ccedil;ar o Congresso. &Eacute; uma luta pol&iacute;tica&rdquo;, sustenta a deputada, lembrando que o C&oacute;digo Brasileiro das Telecomunica&ccedil;&otilde;es, de 1962, precisa ser revisto. <br \/>&nbsp;<br \/>Para Erundina foi a luta da sociedade civil que fez com que ocorresse o primeiro passo no caminho da democratiza&ccedil;&atilde;o da m&iacute;dia, com a Confer&ecirc;ncia de Comunica&ccedil;&atilde;o (Confecom), realizada em dezembro de 2009. A Confecom aprovou uma s&eacute;rie de propostas, e, agora, a luta deve continuar para que elas se transformem em leis e se tornem realidade. <br \/>&nbsp;<br \/>&ldquo;O movimento por dentro da estrutura do Estado &eacute; insuficiente e tem que ser combinado com a milit&acirc;ncia&rdquo;, afirma Robinson Almeida, da Secretaria de Comunica&ccedil;&atilde;o do governo do estado da Bahia. Ele tamb&eacute;m considerou a Confecom um passo inicial vencido e acredita que as novas tecnologias, especialmente a internet, oferecem possibilidades para a democratiza&ccedil;&atilde;o. <br \/>&nbsp;<br \/>Se por um lado a internet tem o potencial de desconcentrar a informa&ccedil;&atilde;o, disputar o espa&ccedil;o com grandes conglomerados midi&aacute;ticos n&atilde;o &eacute; t&atilde;o simples. Blogues, sites, r&aacute;dios comunit&aacute;rias, ag&ecirc;ncias independentes e outras iniciativas de m&iacute;dia encontram dificuldades para garantir sua sobreviv&ecirc;ncia. O debate abordou como garantir sustentabilidade dos ve&iacute;culos que n&atilde;o tratam a informa&ccedil;&atilde;o como mercadoria. <br \/>&nbsp;<br \/>Bernad Cassen, ex-diretor do Dipl&ocirc;, considera que a informa&ccedil;&atilde;o tem um custo. &ldquo;Tem-se a impress&atilde;o de que ela &eacute; gr&aacute;tis por conta da internet, mas o bom jornalismo custa dinheiro, tem um pre&ccedil;o&rdquo;, disse. Neste ponto houve pol&ecirc;mica. Renato Rovai, da Revista F&oacute;rum, considera que a informa&ccedil;&atilde;o no &acirc;mbito das m&iacute;dias livres n&atilde;o &eacute; tratada como mercadoria e que a &ldquo;outra comunica&ccedil;&atilde;o que pretendemos precisa come&ccedil;ar a pensar em se organizar em uma outra l&oacute;gica, num outro modelo econ&ocirc;mico, por exemplo, incorporando valores da economia solid&aacute;ria e social&rdquo;. <br \/>&nbsp;<br \/>Para Mario Lubetkin, o peso da mensagem da chamada &ldquo;grande m&iacute;dia&rdquo; j&aacute; n&atilde;o tem tanta capacidade de penetra&ccedil;&atilde;o na opini&atilde;o p&uacute;blica, em grande parte pela internet. &ldquo;A tecnologia &eacute; parte da batalha ideol&oacute;gica, sen&atilde;o o instrumento&rdquo;.<\/p>\n","protected":false},"excerpt":{"rendered":"<p>[T&iacute;tulo original: M&iacute;dia e democracia no FSM Bahia] A rela&ccedil;&atilde;o entre m&iacute;dia e democracia foi tema de debate no F&oacute;rum Social Tem&aacute;tico da Bahia, na sexta, 29. Na mesa do encontro estavam M&aacute;rio Lubetkin, jornalista do Inter Press Service News Agency (IPS), Bernard Cassen, do Le Monde Diplomatique, Luiza Erundina, deputada federal (PSB-SP), Robinson Almeida, &hellip; <a href=\"https:\/\/obscom.intervozes.org.br\/?p=23898\" class=\"more-link\">Continue lendo <span class=\"screen-reader-text\">Rela\u00e7\u00e3o entre m\u00eddia e democracia foi tema de debate no F\u00f3rum Social Tem\u00e1tico<\/span> <span class=\"meta-nav\">&rarr;<\/span><\/a><\/p>\n","protected":false},"author":1,"featured_media":0,"comment_status":"open","ping_status":"open","sticky":false,"template":"","format":"standard","meta":{"footnotes":""},"categories":[40],"tags":[1214],"_links":{"self":[{"href":"https:\/\/obscom.intervozes.org.br\/index.php?rest_route=\/wp\/v2\/posts\/23898"}],"collection":[{"href":"https:\/\/obscom.intervozes.org.br\/index.php?rest_route=\/wp\/v2\/posts"}],"about":[{"href":"https:\/\/obscom.intervozes.org.br\/index.php?rest_route=\/wp\/v2\/types\/post"}],"author":[{"embeddable":true,"href":"https:\/\/obscom.intervozes.org.br\/index.php?rest_route=\/wp\/v2\/users\/1"}],"replies":[{"embeddable":true,"href":"https:\/\/obscom.intervozes.org.br\/index.php?rest_route=%2Fwp%2Fv2%2Fcomments&post=23898"}],"version-history":[{"count":0,"href":"https:\/\/obscom.intervozes.org.br\/index.php?rest_route=\/wp\/v2\/posts\/23898\/revisions"}],"wp:attachment":[{"href":"https:\/\/obscom.intervozes.org.br\/index.php?rest_route=%2Fwp%2Fv2%2Fmedia&parent=23898"}],"wp:term":[{"taxonomy":"category","embeddable":true,"href":"https:\/\/obscom.intervozes.org.br\/index.php?rest_route=%2Fwp%2Fv2%2Fcategories&post=23898"},{"taxonomy":"post_tag","embeddable":true,"href":"https:\/\/obscom.intervozes.org.br\/index.php?rest_route=%2Fwp%2Fv2%2Ftags&post=23898"}],"curies":[{"name":"wp","href":"https:\/\/api.w.org\/{rel}","templated":true}]}}