{"id":23895,"date":"2010-02-03T15:45:46","date_gmt":"2010-02-03T15:45:46","guid":{"rendered":"https:\/\/obscom.intervozes.org.br\/wordpress\/?p=23895"},"modified":"2010-02-03T15:45:46","modified_gmt":"2010-02-03T15:45:46","slug":"presidencia-diz-que-licitacoes-de-cabo-serao-retomadas-e-elogia-pl-292007","status":"publish","type":"post","link":"https:\/\/obscom.intervozes.org.br\/?p=23895","title":{"rendered":"Presid\u00eancia diz que licita\u00e7\u00f5es de cabo ser\u00e3o retomadas e elogia PL 29\/2007"},"content":{"rendered":"<p>   \t \t \t \t \t<!-- \t\t@page { margin: 2cm } \t\tP { margin-bottom: 0.21cm } \t--> \t    <\/p>\n<p style=\"margin-bottom: 0cm\" class=\"padrao\">A &quot;Mensagem ao Congresso Nacional 2010&quot;, tradicionalmente encaminhada pela Presid&ecirc;ncia da Rep&uacute;blica para marcar o in&iacute;cio do ano legislativo, trouxe boas not&iacute;cias para as empresas interessadas em ingressar no setor de TV por assinatura ou expandir sua &aacute;rea de atua&ccedil;&atilde;o. De acordo com o documento, as licita&ccedil;&otilde;es de cabo ser&atilde;o retomadas &quot;no primeiro trimestre de 2010&quot;, em sintonia com os avan&ccedil;os constatados no n&uacute;mero de clientes de TV por assinatura no Brasil. <\/p>\n<p>A promessa de retomada do licenciamento tem por base o trabalho feito ao longo de 2009 para atualizar o Planejamento de Implanta&ccedil;&atilde;o dos Servi&ccedil;os de TV a Cabo e de Distribui&ccedil;&atilde;o de Sinais Multiponto Multicanal (MMDS). Para refor&ccedil;ar a import&acirc;ncia da iniciativa, a Presid&ecirc;ncia destacou o crescimento de 13,20% no n&uacute;mero de assinantes em 2009, fazendo com que os servi&ccedil;os de TV por assinatura cheguem atualmente a 7,4 milh&otilde;es de usu&aacute;rios. <\/p>\n<p><strong>Elogios ao PL 29 <\/strong><\/p>\n<p>Os avan&ccedil;os na an&aacute;lise do PL 29\/2007 pelo Legislativo, que estabelece novas regras para o setor de TV por assinatura e para o audiovisual, tamb&eacute;m foram destacados no documento. A equipe do Planalto deu especial aten&ccedil;&atilde;o &agrave; pol&iacute;tica de cotas para o conte&uacute;do nacional e &agrave; altera&ccedil;&atilde;o do artigo n&ordm; 86 da Lei Geral de Telecomunica&ccedil;&otilde;es (LGT) &#8211; permitindo que as teles ofere&ccedil;am TV por assinatura &#8211; que, na vis&atilde;o da Presid&ecirc;ncia, ter&aacute; &quot;impactos na produ&ccedil;&atilde;o, programa&ccedil;&atilde;o e distribui&ccedil;&atilde;o de conte&uacute;dos e no aumento da competi&ccedil;&atilde;o no setor&quot;. <\/p>\n<p>A aten&ccedil;&atilde;o voltada ao PL 29, no entanto, n&atilde;o se resume &agrave; competi&ccedil;&atilde;o que poder&aacute; ser gerada na TV por assinatura, com a entrada das teles no mercado. A mensagem revela que o alvo do governo &eacute; a expans&atilde;o da banda larga por meio desta plataforma, apostando na converg&ecirc;ncia digital. &quot;Com a converg&ecirc;ncia de m&iacute;dias, a entrada de novas empresas no setor pode ampliar a oferta dos servi&ccedil;os de TV paga e viabilizar novos investimentos em banda larga, j&aacute; que as empresas poder&atilde;o oferecer pacotes de servi&ccedil;os diversos usando a mesma infraestrutura.&quot; <\/p>\n<p>A revis&atilde;o dos regulamentos dos servi&ccedil;os de TV a cabo, do MMDS, do DTH e de TVA tamb&eacute;m foram lembrados como iniciativas que estar&atilde;o presentes na agenda regulat&oacute;ria de 2010. De acordo com a mensagem, essas revis&otilde;es ser&atilde;o colocadas em consulta p&uacute;blica ainda neste ano.<\/p>\n","protected":false},"excerpt":{"rendered":"<p>A &quot;Mensagem ao Congresso Nacional 2010&quot;, tradicionalmente encaminhada pela Presid&ecirc;ncia da Rep&uacute;blica para marcar o in&iacute;cio do ano legislativo, trouxe boas not&iacute;cias para as empresas interessadas em ingressar no setor de TV por assinatura ou expandir sua &aacute;rea de atua&ccedil;&atilde;o. De acordo com o documento, as licita&ccedil;&otilde;es de cabo ser&atilde;o retomadas &quot;no primeiro trimestre de &hellip; <a href=\"https:\/\/obscom.intervozes.org.br\/?p=23895\" class=\"more-link\">Continue lendo <span class=\"screen-reader-text\">Presid\u00eancia diz que licita\u00e7\u00f5es de cabo ser\u00e3o retomadas e elogia PL 29\/2007<\/span> <span class=\"meta-nav\">&rarr;<\/span><\/a><\/p>\n","protected":false},"author":1,"featured_media":0,"comment_status":"open","ping_status":"open","sticky":false,"template":"","format":"standard","meta":{"footnotes":""},"categories":[40],"tags":[1213],"_links":{"self":[{"href":"https:\/\/obscom.intervozes.org.br\/index.php?rest_route=\/wp\/v2\/posts\/23895"}],"collection":[{"href":"https:\/\/obscom.intervozes.org.br\/index.php?rest_route=\/wp\/v2\/posts"}],"about":[{"href":"https:\/\/obscom.intervozes.org.br\/index.php?rest_route=\/wp\/v2\/types\/post"}],"author":[{"embeddable":true,"href":"https:\/\/obscom.intervozes.org.br\/index.php?rest_route=\/wp\/v2\/users\/1"}],"replies":[{"embeddable":true,"href":"https:\/\/obscom.intervozes.org.br\/index.php?rest_route=%2Fwp%2Fv2%2Fcomments&post=23895"}],"version-history":[{"count":0,"href":"https:\/\/obscom.intervozes.org.br\/index.php?rest_route=\/wp\/v2\/posts\/23895\/revisions"}],"wp:attachment":[{"href":"https:\/\/obscom.intervozes.org.br\/index.php?rest_route=%2Fwp%2Fv2%2Fmedia&parent=23895"}],"wp:term":[{"taxonomy":"category","embeddable":true,"href":"https:\/\/obscom.intervozes.org.br\/index.php?rest_route=%2Fwp%2Fv2%2Fcategories&post=23895"},{"taxonomy":"post_tag","embeddable":true,"href":"https:\/\/obscom.intervozes.org.br\/index.php?rest_route=%2Fwp%2Fv2%2Ftags&post=23895"}],"curies":[{"name":"wp","href":"https:\/\/api.w.org\/{rel}","templated":true}]}}