{"id":23891,"date":"2010-02-02T16:26:40","date_gmt":"2010-02-02T16:26:40","guid":{"rendered":"https:\/\/obscom.intervozes.org.br\/wordpress\/?p=23891"},"modified":"2010-02-02T16:26:40","modified_gmt":"2010-02-02T16:26:40","slug":"testes-do-padrao-europeu-de-radio-digital-serao-concluidos-este-mes","status":"publish","type":"post","link":"https:\/\/obscom.intervozes.org.br\/?p=23891","title":{"rendered":"Testes do padr\u00e3o europeu de r\u00e1dio digital ser\u00e3o conclu\u00eddos este m\u00eas"},"content":{"rendered":"<p>   \t \t \t \t \t<!-- \t\t@page { margin: 2cm } \t\tP { margin-bottom: 0.21cm } \t--> \t  <\/p>\n<p style=\"margin-bottom: 0cm\" class=\"padrao\">A escolha do padr&atilde;o digital para as emissoras de r&aacute;dio brasileiras ter&aacute; um novo cap&iacute;tulo ainda este m&ecirc;s, quando o Minist&eacute;rio das Comunica&ccedil;&otilde;es conclui os testes com o sistema europeu DRM (Digital Radio Mondiale). Os resultados ser&atilde;o comparados com os experimentos com o padr&atilde;o norte-americano IBOC (In-Band-On-Channel), j&aacute; testado por mais de seis meses e preferido dos radiodifusores, e servir&atilde;o para subsidiar o padr&atilde;o a ser adotado aqui.<\/p>\n<p>A tend&ecirc;ncia &eacute; a escolha pelo padr&atilde;o europeu, que &eacute; aberto e, portanto, n&atilde;o requer o pagamento de royalties, ao contr&aacute;rio do norte-americano. Al&eacute;m disso, nos testes iniciais realizados em S&atilde;o Paulo, esse padr&atilde;o apresentou maior efici&ecirc;ncia nas transmiss&otilde;es em Ondas Curtas e Ondas M&eacute;dias, fundamentais para integrar a Amaz&ocirc;nia e um dos principais objetivos da poss&iacute;vel transfer&ecirc;ncia da tecnologia anal&oacute;gica para digital.<\/p>\n<p>Mas h&aacute; a possibilidade de o Minicom n&atilde;o optar por nenhum dos dois padr&otilde;es testados e deixar essa decis&atilde;o para o pr&oacute;ximo governo. Isto porque ainda surgem d&uacute;vidas sobre a efic&aacute;cia que essa troca de tecnologia pode trazer para as emissoras de r&aacute;dio. Segundo o assessor especial da Casa Civil, Andr&eacute; Barbosa, n&atilde;o existe sistema digital de r&aacute;dio que seja exitoso em nenhum pa&iacute;s do mundo. &ldquo;Nos Estados Unidos, o maior mercado do mundo nessa &aacute;rea, com 13 mil emissoras, s&oacute; 10% adotaram o IBOC&rdquo;, disse.<\/p>\n<p>J&aacute; o sistema ingl&ecirc;s, o DAB (Digital Radio), adotado desde a d&eacute;cada de 90, sofreu um rev&eacute;s significativo nos &uacute;ltimos dias, como conta Barbosa. Os patrocinadores e anunciantes abandonaram o sistema e voltaram para a r&aacute;dio anal&oacute;gica alegando a pouca ades&atilde;o.<\/p>\n<p>Todos esses fatos devem pesar na decis&atilde;o para a escolha do padr&atilde;o digital de r&aacute;dio. Nesta quarta-feira (3), os testes, que j&aacute; foram realizados na R&aacute;dio MEC e&nbsp;R&aacute;dio Cultura, ser&atilde;o iniciados na Regi&atilde;o Metropolitana de Belo Horizonte, sob a coordena&ccedil;&atilde;o da universidade Federal de Minas Gerais. A previs&atilde;o &eacute; de que o relat&oacute;rio final, que ainda ter&aacute; o crivo da Anatel, seja entregue ap&oacute;s o Carnaval<\/p>\n","protected":false},"excerpt":{"rendered":"<p>A escolha do padr&atilde;o digital para as emissoras de r&aacute;dio brasileiras ter&aacute; um novo cap&iacute;tulo ainda este m&ecirc;s, quando o Minist&eacute;rio das Comunica&ccedil;&otilde;es conclui os testes com o sistema europeu DRM (Digital Radio Mondiale). Os resultados ser&atilde;o comparados com os experimentos com o padr&atilde;o norte-americano IBOC (In-Band-On-Channel), j&aacute; testado por mais de seis meses e &hellip; <a href=\"https:\/\/obscom.intervozes.org.br\/?p=23891\" class=\"more-link\">Continue lendo <span class=\"screen-reader-text\">Testes do padr\u00e3o europeu de r\u00e1dio digital ser\u00e3o conclu\u00eddos este m\u00eas<\/span> <span class=\"meta-nav\">&rarr;<\/span><\/a><\/p>\n","protected":false},"author":1,"featured_media":0,"comment_status":"open","ping_status":"open","sticky":false,"template":"","format":"standard","meta":{"footnotes":""},"categories":[40],"tags":[1211],"_links":{"self":[{"href":"https:\/\/obscom.intervozes.org.br\/index.php?rest_route=\/wp\/v2\/posts\/23891"}],"collection":[{"href":"https:\/\/obscom.intervozes.org.br\/index.php?rest_route=\/wp\/v2\/posts"}],"about":[{"href":"https:\/\/obscom.intervozes.org.br\/index.php?rest_route=\/wp\/v2\/types\/post"}],"author":[{"embeddable":true,"href":"https:\/\/obscom.intervozes.org.br\/index.php?rest_route=\/wp\/v2\/users\/1"}],"replies":[{"embeddable":true,"href":"https:\/\/obscom.intervozes.org.br\/index.php?rest_route=%2Fwp%2Fv2%2Fcomments&post=23891"}],"version-history":[{"count":0,"href":"https:\/\/obscom.intervozes.org.br\/index.php?rest_route=\/wp\/v2\/posts\/23891\/revisions"}],"wp:attachment":[{"href":"https:\/\/obscom.intervozes.org.br\/index.php?rest_route=%2Fwp%2Fv2%2Fmedia&parent=23891"}],"wp:term":[{"taxonomy":"category","embeddable":true,"href":"https:\/\/obscom.intervozes.org.br\/index.php?rest_route=%2Fwp%2Fv2%2Fcategories&post=23891"},{"taxonomy":"post_tag","embeddable":true,"href":"https:\/\/obscom.intervozes.org.br\/index.php?rest_route=%2Fwp%2Fv2%2Ftags&post=23891"}],"curies":[{"name":"wp","href":"https:\/\/api.w.org\/{rel}","templated":true}]}}