{"id":23890,"date":"2010-02-02T16:25:24","date_gmt":"2010-02-02T16:25:24","guid":{"rendered":"https:\/\/obscom.intervozes.org.br\/wordpress\/?p=23890"},"modified":"2010-02-02T16:25:24","modified_gmt":"2010-02-02T16:25:24","slug":"banda-larga-com-servico-publico-nao-tem-apoio-de-santanna","status":"publish","type":"post","link":"https:\/\/obscom.intervozes.org.br\/?p=23890","title":{"rendered":"Banda larga com servi\u00e7o p\u00fablico n\u00e3o tem apoio de Santanna"},"content":{"rendered":"<p>   \t \t \t \t \t<!-- \t\t@page { margin: 2cm } \t\tP { margin-bottom: 0.21cm } \t--> \t  <\/p>\n<p style=\"margin-bottom: 0cm\" class=\"padrao\">Uma das discuss&otilde;es que ainda est&aacute; sendo travada no governo &ndash; sobre se se deve ou n&atilde;o transformar o acesso banda larga em servi&ccedil;o p&uacute;blico &ndash;, se depender da posi&ccedil;&atilde;o do Secret&aacute;rio de Log&iacute;stica e Tecnologia da Informa&ccedil;&atilde;o do Minist&eacute;rio do Planejamento, Rog&eacute;rio Santanna, n&atilde;o ter&aacute; muito terreno para prosperar. <\/p>\n<p>Para ele, este n&atilde;o &eacute; o momento de se implementar a mudan&ccedil;a de regime de explora&ccedil;&atilde;o do servi&ccedil;o. No seu entender, o desafio, agora, &eacute; o de ampliar a oferta de banda larga, e, para isso, defende, deve-se contar com o apoio dos mais de tr&ecirc;s mil pequenos provedores de internet espalhados por este Brasil, que j&aacute; atuam com a licen&ccedil;a de SCM ( Servi&ccedil;o de Comunica&ccedil;&atilde;o Multim&iacute;dia), sob o regime privado.<\/p>\n<p>Mais do que a discuss&atilde;o conceitual &ndash; Santanna n&atilde;o &eacute; contra, por exemplo &agrave; obrigatoriedade de o Estado arcar por tempo indeterminado com a oferta de banda larga, uma das condi&ccedil;&otilde;es do servi&ccedil;o p&uacute;blico &ndash; ele entende que a transforma&ccedil;&atilde;o da banda larga em servi&ccedil;o p&uacute;blico, neste momento, pode retardar a sua massifica&ccedil;&atilde;o. &ldquo;A licita&ccedil;&atilde;o p&uacute;blica nas novas concess&otilde;es poder&aacute; demorar dois anos&rdquo;, alertou. <\/p>\n<p>Para o secret&aacute;rio, n&atilde;o &eacute; o momento de se limitar o n&uacute;mero de entrantes nesse mercado, mas ao contr&aacute;rio estimular sua amplia&ccedil;&atilde;o. No seu entender, ao se criar um servi&ccedil;o p&uacute;blico, e as concession&aacute;rias para prestar o servi&ccedil;o, pode-se tirar o mercado deste pequeno provedor, que n&atilde;o ter&aacute; condi&ccedil;&otilde;es de arcar com o peso das concession&aacute;rias.  <\/p>\n","protected":false},"excerpt":{"rendered":"<p>Uma das discuss&otilde;es que ainda est&aacute; sendo travada no governo &ndash; sobre se se deve ou n&atilde;o transformar o acesso banda larga em servi&ccedil;o p&uacute;blico &ndash;, se depender da posi&ccedil;&atilde;o do Secret&aacute;rio de Log&iacute;stica e Tecnologia da Informa&ccedil;&atilde;o do Minist&eacute;rio do Planejamento, Rog&eacute;rio Santanna, n&atilde;o ter&aacute; muito terreno para prosperar. Para ele, este n&atilde;o &eacute; &hellip; <a href=\"https:\/\/obscom.intervozes.org.br\/?p=23890\" class=\"more-link\">Continue lendo <span class=\"screen-reader-text\">Banda larga com servi\u00e7o p\u00fablico n\u00e3o tem apoio de Santanna<\/span> <span class=\"meta-nav\">&rarr;<\/span><\/a><\/p>\n","protected":false},"author":1,"featured_media":0,"comment_status":"open","ping_status":"open","sticky":false,"template":"","format":"standard","meta":{"footnotes":""},"categories":[40],"tags":[1210],"_links":{"self":[{"href":"https:\/\/obscom.intervozes.org.br\/index.php?rest_route=\/wp\/v2\/posts\/23890"}],"collection":[{"href":"https:\/\/obscom.intervozes.org.br\/index.php?rest_route=\/wp\/v2\/posts"}],"about":[{"href":"https:\/\/obscom.intervozes.org.br\/index.php?rest_route=\/wp\/v2\/types\/post"}],"author":[{"embeddable":true,"href":"https:\/\/obscom.intervozes.org.br\/index.php?rest_route=\/wp\/v2\/users\/1"}],"replies":[{"embeddable":true,"href":"https:\/\/obscom.intervozes.org.br\/index.php?rest_route=%2Fwp%2Fv2%2Fcomments&post=23890"}],"version-history":[{"count":0,"href":"https:\/\/obscom.intervozes.org.br\/index.php?rest_route=\/wp\/v2\/posts\/23890\/revisions"}],"wp:attachment":[{"href":"https:\/\/obscom.intervozes.org.br\/index.php?rest_route=%2Fwp%2Fv2%2Fmedia&parent=23890"}],"wp:term":[{"taxonomy":"category","embeddable":true,"href":"https:\/\/obscom.intervozes.org.br\/index.php?rest_route=%2Fwp%2Fv2%2Fcategories&post=23890"},{"taxonomy":"post_tag","embeddable":true,"href":"https:\/\/obscom.intervozes.org.br\/index.php?rest_route=%2Fwp%2Fv2%2Ftags&post=23890"}],"curies":[{"name":"wp","href":"https:\/\/api.w.org\/{rel}","templated":true}]}}