{"id":23887,"date":"2010-02-02T15:43:15","date_gmt":"2010-02-02T15:43:15","guid":{"rendered":"https:\/\/obscom.intervozes.org.br\/wordpress\/?p=23887"},"modified":"2010-02-02T15:43:15","modified_gmt":"2010-02-02T15:43:15","slug":"radios-favela-de-bh-e-koch-de-nairobi-realizam-encontro-historico-em-minas","status":"publish","type":"post","link":"https:\/\/obscom.intervozes.org.br\/?p=23887","title":{"rendered":"R\u00e1dios Favela de BH e Koch, de Nair\u00f3bi, realizam encontro hist\u00f3rico em Minas"},"content":{"rendered":"<p>   \t \t \t \t \t<!-- \t\t@page { margin: 2cm } \t\tP { margin-bottom: 0.21cm } \t--> \t  <\/p>\n<p style=\"margin-bottom: 0cm\" class=\"padrao\"><em>[T&iacute;tulo original: R&aacute;dio Favela e Koch (Qu&ecirc;nia) se encontram em BH-MG]<\/em><\/p>\n<p>A capital mineira est&aacute; reunindo dois exemplos de comunica&ccedil;&atilde;o popular que se destacam no mundo. De hoje a 3 de fevereiro, acontece o encontro entre a R&aacute;dio Koch, de Nair&oacute;bi, e a R&aacute;dio Favela, de Belo Horizonte. A programa&ccedil;&atilde;o faz parte das atividades do F&oacute;rum Social Mundial (FSM) que este ano se d&aacute; de forma descentralizada, com eventos em v&aacute;rias partes do mundo, ao longo do ano. <\/p>\n<p>A Koch FM foi fundada em 2006, por 10 jovens da favela de Korogocho, na capital do Qu&ecirc;nia, inspirados na trajet&oacute;ria da R&aacute;dio Favela de Belo Horizonte. Este aglomerado de vilas e favelas abriga quase quinhentas mil pessoas em condi&ccedil;&otilde;es de extrema car&ecirc;ncia (sem &aacute;gua encanada, energia el&eacute;trica ou saneamento b&aacute;sico). Os jovens realizam um trabalho corajoso e criativo que transformou a r&aacute;dio Koch em l&iacute;der de audi&ecirc;ncia em Korogocho.<\/p>\n<p>A R&aacute;dio Favela FM foi fundada em 1981 por iniciativa de um grupo de moradores do Aglomerado da Serra, a maior favela de Belo Horizonte, localizada na zona sul da cidade, composta por 11 vilas e com uma popula&ccedil;&atilde;o de cerca de 40 mil habitantes. Durante quase vinte anos operou pulando de barraco em barraco para fugir da pol&iacute;cia, que por cinco vezes chegou a fechar a emissora. Nesse mesmo per&iacute;odo, foi condecorada duas vezes pela ONU por sua atua&ccedil;&atilde;o no combate &agrave;s drogas e &agrave; viol&ecirc;ncia. A R&aacute;dio Favela &eacute; co-fundadora da Abra&ccedil;o &ndash; Associa&ccedil;&atilde;o Brasileira de R&aacute;dios Comunit&aacute;rias, associada &agrave; Amarc &ndash; Associa&ccedil;&atilde;o Mundial de R&aacute;dios Comunit&aacute;rias desde 1998, participa da constru&ccedil;&atilde;o da Comunica&ccedil;&atilde;o Compartilhada do FSM desde sua 1&ordf; edi&ccedil;&atilde;o e ganhou o Premio M&iacute;dia Livre do Minist&eacute;rio da Cultura, pr&ecirc;mio este que possibilitou a articula&ccedil;&atilde;o desta atividade.<\/p>\n<p>A hist&oacute;ria da R&aacute;dio Favela inspirou o longa metragem &ldquo;Uma Onda No Ar&rdquo;, do cineasta Helv&eacute;cio Ratton. Conquistou autoriza&ccedil;&atilde;o para operar como educativa em 2001 e com pot&ecirc;ncia suficiente para ser sintonizada, com boa qualidade, para cerca de 4 milh&otilde;es de moradores da regi&atilde;o metropolitana de BH. Hoje est&aacute; entre as dez emissoras de maior audi&ecirc;ncia e representa uma grande conquista da comunica&ccedil;&atilde;o popular do mundo. <\/p>\n<p><strong>10 anos do F&oacute;rum<\/strong><\/p>\n<p>Para os organizadores do FSM, a R&aacute;dio Favela e a R&aacute;dio Koch s&atilde;o exemplos dos &ldquo;sinais de outra comunica&ccedil;&atilde;o&rdquo; e de que &eacute; fundamental que sejam contadas publicamente as exitosas hist&oacute;rias da comunica&ccedil;&atilde;o popular e comunit&aacute;ria. Este encontro &eacute; uma das principais atividades da Roda Internacional sobre os 10 anos da &ldquo;Comunica&ccedil;&atilde;o Compartilhada&rdquo; no F&oacute;rum Social Mundial. Pretende refletir sobre a hist&oacute;ria e perspectivas da nova comunica&ccedil;&atilde;o experimentada no FSM, refor&ccedil;ar as pontes internacionais, promovendo o debate entre produtores de m&iacute;dia, redes de a&ccedil;&atilde;o em comunica&ccedil;&atilde;o e experi&ecirc;ncias de m&iacute;dia contra-hegem&ocirc;nicas de todos os continentes com o objetivo de difundir seus conceitos e pr&aacute;ticas e ampliar sua constru&ccedil;&atilde;o. As atividades comemorativas dos dez anos do F&oacute;rum v&atilde;o durar todo o ano, at&eacute; a edi&ccedil;&atilde;o de 2011, em Dakar (Senegal).<\/p>\n<p>A vinda da R&aacute;dio Koch ao Brasil e os encontros com R&aacute;dio Favela nos eventos do F&oacute;rum Social Mundial s&atilde;o uma realiza&ccedil;&atilde;o das r&aacute;dios em parceria com Ciranda Internacional da Informa&ccedil;&atilde;o Independente, Abra&ccedil;o e Amarc-ALC e apoio do Instituto Paulo Freire, M&uacute;sica para Baixar, Action Aid e Coletivos de Comunica&ccedil;&atilde;o Compartilhada do FSM 2010. <\/p>\n<p><a href=\"http:\/\/fsm10.procempa.com.br\/wordpress\/?p=845\" target=\"_blank\">Mais sobre este assunto aqui<\/a> .<\/p>\n","protected":false},"excerpt":{"rendered":"<p>[T&iacute;tulo original: R&aacute;dio Favela e Koch (Qu&ecirc;nia) se encontram em BH-MG] A capital mineira est&aacute; reunindo dois exemplos de comunica&ccedil;&atilde;o popular que se destacam no mundo. De hoje a 3 de fevereiro, acontece o encontro entre a R&aacute;dio Koch, de Nair&oacute;bi, e a R&aacute;dio Favela, de Belo Horizonte. A programa&ccedil;&atilde;o faz parte das atividades do &hellip; <a href=\"https:\/\/obscom.intervozes.org.br\/?p=23887\" class=\"more-link\">Continue lendo <span class=\"screen-reader-text\">R\u00e1dios Favela de BH e Koch, de Nair\u00f3bi, realizam encontro hist\u00f3rico em Minas<\/span> <span class=\"meta-nav\">&rarr;<\/span><\/a><\/p>\n","protected":false},"author":1,"featured_media":0,"comment_status":"open","ping_status":"open","sticky":false,"template":"","format":"standard","meta":{"footnotes":""},"categories":[40],"tags":[311],"_links":{"self":[{"href":"https:\/\/obscom.intervozes.org.br\/index.php?rest_route=\/wp\/v2\/posts\/23887"}],"collection":[{"href":"https:\/\/obscom.intervozes.org.br\/index.php?rest_route=\/wp\/v2\/posts"}],"about":[{"href":"https:\/\/obscom.intervozes.org.br\/index.php?rest_route=\/wp\/v2\/types\/post"}],"author":[{"embeddable":true,"href":"https:\/\/obscom.intervozes.org.br\/index.php?rest_route=\/wp\/v2\/users\/1"}],"replies":[{"embeddable":true,"href":"https:\/\/obscom.intervozes.org.br\/index.php?rest_route=%2Fwp%2Fv2%2Fcomments&post=23887"}],"version-history":[{"count":0,"href":"https:\/\/obscom.intervozes.org.br\/index.php?rest_route=\/wp\/v2\/posts\/23887\/revisions"}],"wp:attachment":[{"href":"https:\/\/obscom.intervozes.org.br\/index.php?rest_route=%2Fwp%2Fv2%2Fmedia&parent=23887"}],"wp:term":[{"taxonomy":"category","embeddable":true,"href":"https:\/\/obscom.intervozes.org.br\/index.php?rest_route=%2Fwp%2Fv2%2Fcategories&post=23887"},{"taxonomy":"post_tag","embeddable":true,"href":"https:\/\/obscom.intervozes.org.br\/index.php?rest_route=%2Fwp%2Fv2%2Ftags&post=23887"}],"curies":[{"name":"wp","href":"https:\/\/api.w.org\/{rel}","templated":true}]}}