{"id":23880,"date":"2010-01-29T13:23:09","date_gmt":"2010-01-29T13:23:09","guid":{"rendered":"https:\/\/obscom.intervozes.org.br\/wordpress\/?p=23880"},"modified":"2010-01-29T13:23:09","modified_gmt":"2010-01-29T13:23:09","slug":"erro-do-ministerio-das-comunicacoes-mostra-influencia-de-deputado-em-concessao-de-tv-educativa","status":"publish","type":"post","link":"https:\/\/obscom.intervozes.org.br\/?p=23880","title":{"rendered":"Erro do Minist\u00e9rio das Comunica\u00e7\u00f5es mostra influ\u00eancia de deputado em concess\u00e3o de TV educativa"},"content":{"rendered":"<p>   \t \t \t \t \t<!-- \t\t@page { margin: 2cm } \t\tP { margin-bottom: 0.21cm } \t--> \t  <\/p>\n<p style=\"margin-bottom: 0cm\" class=\"padrao\"><em>[T&iacute;tulo original: Gafe revela apadrinhamento de TV]<\/em><\/p>\n<p>Uma falha do Minist&eacute;rio das Comunica&ccedil;&otilde;es revela que o apadrinhamento pol&iacute;tico para a aprova&ccedil;&atilde;o dos pedidos de concess&atilde;o de r&aacute;dio e TV est&aacute; ativo no governo Lula.<\/p>\n<p>A Funda&ccedil;&atilde;o N&uacute;cleo Cultural Bento Gon&ccedil;alvense, do Rio Grande do Sul, obteve, no in&iacute;cio do m&ecirc;s, uma concess&atilde;o de TV educativa em Bento Gon&ccedil;alves, com apadrinhamento do deputado federal ga&uacute;cho Mendes Ribeiro Filho, do PMDB, colega de partido do ministro das Comunica&ccedil;&otilde;es, H&eacute;lio Costa.<\/p>\n<p>A a&ccedil;&atilde;o do parlamentar foi revelada por erro da burocracia do Minist&eacute;rio das Comunica&ccedil;&otilde;es. Em vez de digitar, no sistema para consulta on-line do andamento dos processos, o nome da funda&ccedil;&atilde;o como benefici&aacute;ria da TV, os t&eacute;cnicos registraram o nome do deputado.<\/p>\n<p>Confrontado com os fatos, Ribeiro confirmou que age para acelerar processos de concess&atilde;o de emissoras educativas de seu Estado. &quot;O H&eacute;lio Costa endureceu para aprovar outorgas de radiodifus&atilde;o. Fui procurado muitas vezes porque ele aumentava as exig&ecirc;ncias de vincula&ccedil;&atilde;o com universidades para aprovar [as outorgas]&quot;, disse.<\/p>\n<p>Ele afirmou n&atilde;o ver problema no apadrinhamento pol&iacute;tico de pedidos de emissoras educativas que n&atilde;o tenham o lucro por objetivo. &quot;N&atilde;o sou parente, n&atilde;o sou amigo [dos dirigentes da funda&ccedil;&atilde;o que pleiteou a concess&atilde;o] nem tenho interesse econ&ocirc;mico na causa. Como interessa ao Rio Grande do Sul, eu pe&ccedil;o&quot;, justificou.<\/p>\n<p>A interfer&ecirc;ncia de deputados e de senadores no processo de concess&otilde;es &eacute; comentada, veladamente, no setor, mas sua documenta&ccedil;&atilde;o &eacute; coisa in&eacute;dita.<\/p>\n<p>A reportagem da <em>Folha <\/em>obteve a comprova&ccedil;&atilde;o do caso ga&uacute;cho por iniciativa pr&oacute;pria. No dia 6 de janeiro, o Di&aacute;rio Oficial da Uni&atilde;o publicou o decreto legislativo que aprovou a concess&atilde;o do canal de TV educativa &agrave; funda&ccedil;&atilde;o de Bento Gon&ccedil;alves.<\/p>\n<p>Assinado pelo presidente do Senado, Jos&eacute; Sarney, o decreto legislativo informa que o processo de outorga tramitou no Minist&eacute;rio das Comunica&ccedil;&otilde;es com o n&uacute;mero 53000.002668\/2003. Bastou consultar o andamento do processo na p&aacute;gina do minist&eacute;rio, na internet, para a reportagem chegar ao deputado.<\/p>\n<p>Os benefici&aacute;rios das concess&otilde;es de r&aacute;dio e de televis&atilde;o educativas no pa&iacute;s s&atilde;o escolhidos pelo Executivo, enquanto as concess&otilde;es de emissoras comerciais passaram a ser vendidas em licita&ccedil;&otilde;es p&uacute;blicas a partir de 1997. Em ambos os casos, o Executivo submete os processos &agrave; aprova&ccedil;&atilde;o do Congresso Nacional.<\/p>\n<p>A Funda&ccedil;&atilde;o N&uacute;cleo Cultural Bento Gon&ccedil;alvense ainda n&atilde;o tem sequer sede pr&oacute;pria. Para pedir a concess&atilde;o da TV educativa, a legisla&ccedil;&atilde;o exige que as emissoras sejam geridas por entidades sem fins lucrativos.<\/p>\n<p>O pedido da concess&atilde;o foi feito em 2003. O presidente da entidade, Jorge Menezes, disse &agrave; <em>Folha<\/em> que o deputado Mendes Ribeiro Filho entrou no caso, no in&iacute;cio do processo, depois que a Consultoria Jur&iacute;dica do minist&eacute;rio exigiu alguns documentos para sua aprova&ccedil;&atilde;o.<\/p>\n<p>Segundo ele, o deputado acompanhou os dirigentes da funda&ccedil;&atilde;o ga&uacute;cha em encontro com os ex-ministros das Comunica&ccedil;&otilde;es Miro Teixeira e Eun&iacute;cio Oliveira, e tamb&eacute;m com o atual, H&eacute;lio Costa.<\/p>\n<p>Menezes, que produz comerciais para televis&atilde;o, diz que a funda&ccedil;&atilde;o dava por perdida a concess&atilde;o da TV e s&oacute; soube da aprova&ccedil;&atilde;o da concess&atilde;o pela reportagem da Folha. Grato a Mendes Ribeiro, o empres&aacute;rio disse que o procurou &quot;porque n&atilde;o se consegue falar com o ministro das Comunica&ccedil;&otilde;es sem estar acompanhado de um deputado&quot;.<\/p>\n<p><strong>Outro lado<\/strong><\/p>\n<p>O Minist&eacute;rio das Comunica&ccedil;&otilde;es disse, por interm&eacute;dio de sua assessoria de imprensa, que a cita&ccedil;&atilde;o do nome do deputado como benefici&aacute;rio da outorga demonstra, &quot;de algum modo&quot;, a transpar&ecirc;ncia nos registros.<\/p>\n<p>O minist&eacute;rio alega que recebe de 90 mil a 100 mil novos processos por m&ecirc;s e que 70% deles s&atilde;o relativos &agrave; atividade de radiodifus&atilde;o.<\/p>\n<p>Segundo o minist&eacute;rio, o nome do deputado federal foi registrado erroneamente como benefici&aacute;rio da outorga de emissora educativa.<\/p>\n","protected":false},"excerpt":{"rendered":"<p>[T&iacute;tulo original: Gafe revela apadrinhamento de TV] Uma falha do Minist&eacute;rio das Comunica&ccedil;&otilde;es revela que o apadrinhamento pol&iacute;tico para a aprova&ccedil;&atilde;o dos pedidos de concess&atilde;o de r&aacute;dio e TV est&aacute; ativo no governo Lula. A Funda&ccedil;&atilde;o N&uacute;cleo Cultural Bento Gon&ccedil;alvense, do Rio Grande do Sul, obteve, no in&iacute;cio do m&ecirc;s, uma concess&atilde;o de TV educativa &hellip; <a href=\"https:\/\/obscom.intervozes.org.br\/?p=23880\" class=\"more-link\">Continue lendo <span class=\"screen-reader-text\">Erro do Minist\u00e9rio das Comunica\u00e7\u00f5es mostra influ\u00eancia de deputado em concess\u00e3o de TV educativa<\/span> <span class=\"meta-nav\">&rarr;<\/span><\/a><\/p>\n","protected":false},"author":1,"featured_media":0,"comment_status":"open","ping_status":"open","sticky":false,"template":"","format":"standard","meta":{"footnotes":""},"categories":[40],"tags":[1207],"_links":{"self":[{"href":"https:\/\/obscom.intervozes.org.br\/index.php?rest_route=\/wp\/v2\/posts\/23880"}],"collection":[{"href":"https:\/\/obscom.intervozes.org.br\/index.php?rest_route=\/wp\/v2\/posts"}],"about":[{"href":"https:\/\/obscom.intervozes.org.br\/index.php?rest_route=\/wp\/v2\/types\/post"}],"author":[{"embeddable":true,"href":"https:\/\/obscom.intervozes.org.br\/index.php?rest_route=\/wp\/v2\/users\/1"}],"replies":[{"embeddable":true,"href":"https:\/\/obscom.intervozes.org.br\/index.php?rest_route=%2Fwp%2Fv2%2Fcomments&post=23880"}],"version-history":[{"count":0,"href":"https:\/\/obscom.intervozes.org.br\/index.php?rest_route=\/wp\/v2\/posts\/23880\/revisions"}],"wp:attachment":[{"href":"https:\/\/obscom.intervozes.org.br\/index.php?rest_route=%2Fwp%2Fv2%2Fmedia&parent=23880"}],"wp:term":[{"taxonomy":"category","embeddable":true,"href":"https:\/\/obscom.intervozes.org.br\/index.php?rest_route=%2Fwp%2Fv2%2Fcategories&post=23880"},{"taxonomy":"post_tag","embeddable":true,"href":"https:\/\/obscom.intervozes.org.br\/index.php?rest_route=%2Fwp%2Fv2%2Ftags&post=23880"}],"curies":[{"name":"wp","href":"https:\/\/api.w.org\/{rel}","templated":true}]}}