{"id":23879,"date":"2010-01-29T13:15:36","date_gmt":"2010-01-29T13:15:36","guid":{"rendered":"https:\/\/obscom.intervozes.org.br\/wordpress\/?p=23879"},"modified":"2010-01-29T13:15:36","modified_gmt":"2010-01-29T13:15:36","slug":"especialistas-defendem-a-criacao-de-associacao-para-proteger-blogueiros","status":"publish","type":"post","link":"https:\/\/obscom.intervozes.org.br\/?p=23879","title":{"rendered":"Especialistas defendem a cria\u00e7\u00e3o de associa\u00e7\u00e3o para proteger blogueiros"},"content":{"rendered":"<p>   \t \t \t \t \t<!-- \t\t@page { margin: 2cm } \t\tP { margin-bottom: 0.21cm } \t--> \t  <\/p>\n<p style=\"margin-bottom: 0cm\" class=\"padrao\">Jornalistas e advogados reunidos no debate &ldquo;O Direito e a Internet&rdquo;, na Campus Party, apoiaram a cria&ccedil;&atilde;o de uma entidade nos moldes da Eletronic Frontier Foundation para proteger blogueiros amea&ccedil;ados ou sob processo judicial. Participaram do debate, realizado nesta quinta-feira (28\/01), o jornalista Alessandro Martins, do queroterumblog.com; e os advogados Jorge Ara&uacute;jo, especializado em direito do trabalho; Marcel Leonardi, especialista em direito e internet; e Fl&aacute;via Penido, do blog ladyrasta; moderados pelo jornalista e professor da PUC-RS, Marcelo Trasel.<br \/>&nbsp;<br \/>Os advogados Jorge Ara&uacute;jo e Marcel Leonardi propuseram a cria&ccedil;&atilde;o de uma organiza&ccedil;&atilde;o de prote&ccedil;&atilde;o a blogueiros, mas alertaram para as burocracias e os tramites jur&iacute;dicos que o projeto exige. No in&iacute;cio, a entidade serviria de apoio educacional sobre os direitos na internet. &ldquo;No primeiro momento seria uma associa&ccedil;&atilde;o educacional para ensinar aos blogueiros, em detalhes, sem &lsquo;juridiqu&ecirc;s&rsquo;, quais s&atilde;o os limites. Porque vemos muitos erros prim&aacute;rios cometidos por eles&quot;, afirmou Marcel Leonardi.<br \/>&nbsp;<br \/>Jorge Ara&uacute;jo tamb&eacute;m apontou a mesma ideia. &quot;Os blogueiros s&atilde;o uma categoria e isso permite a cria&ccedil;&atilde;o de uma associa&ccedil;&atilde;o nesse sentido&quot;.<br \/>&nbsp;<br \/>A ideia de criar uma organiza&ccedil;&atilde;o foi apoiada pela maioria dos blogueiros presentes na plat&eacute;ia, que pretendem se reunir para conversar sobre o assunto, e ainda demonstraram interesse em apoiar financeiramente a iniciativa.<br \/>&nbsp;<br \/>A advogada Fl&aacute;via Penido lembrou que existem muitas d&uacute;vidas em rela&ccedil;&atilde;o ao trabalho dos blogueiros. &ldquo;Eles n&atilde;o sabem muito o que podem falar e o que n&atilde;o podem, &eacute; uma inseguran&ccedil;a jur&iacute;dica&rdquo;, afirmou. Para ela, ainda falta o entendimento de que em p&uacute;blico &eacute; proibida a ofensa, entre outras coisas.<br \/>&nbsp;<br \/>Para Alessandro Martins, o blogueiro deve ter no&ccedil;&atilde;o da responsabilidade que &eacute; escrever na web. &quot;N&oacute;s estamos muito na defensiva, porque as pessoas t&ecirc;m o direito de buscar sua defesa. Nossa postura deve ser de que temos o poder da palavra, e que liberdade implica responsabilidade&quot;.<\/p>\n<p>Os palestrantes tamb&eacute;m discutiram sobre o uso do direito de imagem, modera&ccedil;&atilde;o de coment&aacute;rios e citaram casos conhecidos, como o das blogueiras Alcin&eacute;ia e Alcilene Cavalcanti, processadas pelo presidente do Senado, Jos&eacute; Sarney.<\/p>\n","protected":false},"excerpt":{"rendered":"<p>Jornalistas e advogados reunidos no debate &ldquo;O Direito e a Internet&rdquo;, na Campus Party, apoiaram a cria&ccedil;&atilde;o de uma entidade nos moldes da Eletronic Frontier Foundation para proteger blogueiros amea&ccedil;ados ou sob processo judicial. Participaram do debate, realizado nesta quinta-feira (28\/01), o jornalista Alessandro Martins, do queroterumblog.com; e os advogados Jorge Ara&uacute;jo, especializado em direito &hellip; <a href=\"https:\/\/obscom.intervozes.org.br\/?p=23879\" class=\"more-link\">Continue lendo <span class=\"screen-reader-text\">Especialistas defendem a cria\u00e7\u00e3o de associa\u00e7\u00e3o para proteger blogueiros<\/span> <span class=\"meta-nav\">&rarr;<\/span><\/a><\/p>\n","protected":false},"author":1,"featured_media":0,"comment_status":"open","ping_status":"open","sticky":false,"template":"","format":"standard","meta":{"footnotes":""},"categories":[40],"tags":[1206],"_links":{"self":[{"href":"https:\/\/obscom.intervozes.org.br\/index.php?rest_route=\/wp\/v2\/posts\/23879"}],"collection":[{"href":"https:\/\/obscom.intervozes.org.br\/index.php?rest_route=\/wp\/v2\/posts"}],"about":[{"href":"https:\/\/obscom.intervozes.org.br\/index.php?rest_route=\/wp\/v2\/types\/post"}],"author":[{"embeddable":true,"href":"https:\/\/obscom.intervozes.org.br\/index.php?rest_route=\/wp\/v2\/users\/1"}],"replies":[{"embeddable":true,"href":"https:\/\/obscom.intervozes.org.br\/index.php?rest_route=%2Fwp%2Fv2%2Fcomments&post=23879"}],"version-history":[{"count":0,"href":"https:\/\/obscom.intervozes.org.br\/index.php?rest_route=\/wp\/v2\/posts\/23879\/revisions"}],"wp:attachment":[{"href":"https:\/\/obscom.intervozes.org.br\/index.php?rest_route=%2Fwp%2Fv2%2Fmedia&parent=23879"}],"wp:term":[{"taxonomy":"category","embeddable":true,"href":"https:\/\/obscom.intervozes.org.br\/index.php?rest_route=%2Fwp%2Fv2%2Fcategories&post=23879"},{"taxonomy":"post_tag","embeddable":true,"href":"https:\/\/obscom.intervozes.org.br\/index.php?rest_route=%2Fwp%2Fv2%2Ftags&post=23879"}],"curies":[{"name":"wp","href":"https:\/\/api.w.org\/{rel}","templated":true}]}}