{"id":23878,"date":"2010-01-29T13:01:21","date_gmt":"2010-01-29T13:01:21","guid":{"rendered":"https:\/\/obscom.intervozes.org.br\/wordpress\/?p=23878"},"modified":"2010-01-29T13:01:21","modified_gmt":"2010-01-29T13:01:21","slug":"organizacoes-brasileiras-se-unem-para-ajudar-a-radiodifusao-no-haiti","status":"publish","type":"post","link":"https:\/\/obscom.intervozes.org.br\/?p=23878","title":{"rendered":"Organiza\u00e7\u00f5es brasileiras se unem para ajudar a radiodifus\u00e3o no Haiti"},"content":{"rendered":"<p>   \t \t \t \t \t<!-- \t\t@page { margin: 2cm } \t\tP { margin-bottom: 0.21cm } \t--> \t  <\/p>\n<p style=\"margin-bottom: 0cm\" class=\"padrao\"><strong>Reproduzido do Comunique-se<\/strong><\/p>\n<p>Uma campanha popular de solidariedade com o intuito de doar r&aacute;dios comunit&aacute;rias e mil radinhos de pilha para o povo do Haiti est&aacute; sendo organizada pela Associa&ccedil;&atilde;o Brasileira de Canais Comunit&aacute;rios (ABCCOM), Associa&ccedil;&atilde;o Brasileira de R&aacute;dios Comunit&aacute;rias (Abra&ccedil;o), Central &Uacute;nica dos Trabalhadores (CUT) e pelas TVs Cidade Livre de Bras&iacute;lia e Comunit&aacute;ria do Rio de Janeiro.<\/p>\n<p>O objetivo da campanha &eacute; ajudar na reconstru&ccedil;&atilde;o do pa&iacute;s devastado pelo terremoto por meio de um jornalismo de utilidade p&uacute;blica, com informa&ccedil;&otilde;es sobre orienta&ccedil;&atilde;o sanit&aacute;ria, ambiental e t&eacute;cnicas.<\/p>\n<p>As entidades v&atilde;o arrecadar fundos entre militantes dos movimentos sindicais, populares, intelectuais, artistas e religiosos, para comprar os equipamentos e doar para o governo federal. <\/p>\n<p>Al&eacute;m dos equipamentos, as entidades est&atilde;o colocando &agrave; disposi&ccedil;&atilde;o do governo, comunicadores comunit&aacute;rios dispostos a se deslocarem ao Haiti para promoverem a instala&ccedil;&atilde;o t&eacute;cnica dos transmissores, cursos de capacita&ccedil;&atilde;o de haitianos em t&eacute;cnicas que est&atilde;o sendo j&aacute; chamadas de jornalismo de reconstru&ccedil;&atilde;o e jornalismo de integra&ccedil;&atilde;o.<\/p>\n","protected":false},"excerpt":{"rendered":"<p>Reproduzido do Comunique-se Uma campanha popular de solidariedade com o intuito de doar r&aacute;dios comunit&aacute;rias e mil radinhos de pilha para o povo do Haiti est&aacute; sendo organizada pela Associa&ccedil;&atilde;o Brasileira de Canais Comunit&aacute;rios (ABCCOM), Associa&ccedil;&atilde;o Brasileira de R&aacute;dios Comunit&aacute;rias (Abra&ccedil;o), Central &Uacute;nica dos Trabalhadores (CUT) e pelas TVs Cidade Livre de Bras&iacute;lia e Comunit&aacute;ria &hellip; <a href=\"https:\/\/obscom.intervozes.org.br\/?p=23878\" class=\"more-link\">Continue lendo <span class=\"screen-reader-text\">Organiza\u00e7\u00f5es brasileiras se unem para ajudar a radiodifus\u00e3o no Haiti<\/span> <span class=\"meta-nav\">&rarr;<\/span><\/a><\/p>\n","protected":false},"author":1,"featured_media":0,"comment_status":"open","ping_status":"open","sticky":false,"template":"","format":"standard","meta":{"footnotes":""},"categories":[39],"tags":[],"_links":{"self":[{"href":"https:\/\/obscom.intervozes.org.br\/index.php?rest_route=\/wp\/v2\/posts\/23878"}],"collection":[{"href":"https:\/\/obscom.intervozes.org.br\/index.php?rest_route=\/wp\/v2\/posts"}],"about":[{"href":"https:\/\/obscom.intervozes.org.br\/index.php?rest_route=\/wp\/v2\/types\/post"}],"author":[{"embeddable":true,"href":"https:\/\/obscom.intervozes.org.br\/index.php?rest_route=\/wp\/v2\/users\/1"}],"replies":[{"embeddable":true,"href":"https:\/\/obscom.intervozes.org.br\/index.php?rest_route=%2Fwp%2Fv2%2Fcomments&post=23878"}],"version-history":[{"count":0,"href":"https:\/\/obscom.intervozes.org.br\/index.php?rest_route=\/wp\/v2\/posts\/23878\/revisions"}],"wp:attachment":[{"href":"https:\/\/obscom.intervozes.org.br\/index.php?rest_route=%2Fwp%2Fv2%2Fmedia&parent=23878"}],"wp:term":[{"taxonomy":"category","embeddable":true,"href":"https:\/\/obscom.intervozes.org.br\/index.php?rest_route=%2Fwp%2Fv2%2Fcategories&post=23878"},{"taxonomy":"post_tag","embeddable":true,"href":"https:\/\/obscom.intervozes.org.br\/index.php?rest_route=%2Fwp%2Fv2%2Ftags&post=23878"}],"curies":[{"name":"wp","href":"https:\/\/api.w.org\/{rel}","templated":true}]}}