{"id":23876,"date":"2010-01-29T12:05:24","date_gmt":"2010-01-29T12:05:24","guid":{"rendered":"https:\/\/obscom.intervozes.org.br\/wordpress\/?p=23876"},"modified":"2010-01-29T12:05:24","modified_gmt":"2010-01-29T12:05:24","slug":"enecos-propoe-criar-nova-articulacao-dos-movimentos-de-comunicacao","status":"publish","type":"post","link":"https:\/\/obscom.intervozes.org.br\/?p=23876","title":{"rendered":"Enecos prop\u00f5e criar nova articula\u00e7\u00e3o dos movimentos de comunica\u00e7\u00e3o"},"content":{"rendered":"<p>   \t \t \t \t \t<!-- \t\t@page { margin: 2cm } \t\tP { margin-bottom: 0.21cm } \t--> \t  <\/p>\n<p style=\"margin-bottom: 0cm\" class=\"padrao\">A partir da avalia&ccedil;&atilde;o do cen&aacute;rio p&oacute;s Confer&ecirc;ncia Nacional de Comunica&ccedil;&atilde;o, a Executiva Nacional de Estudantes de Comunica&ccedil;&atilde;o Social (Enecos) decidiu, em seu congresso nacional, defender a constru&ccedil;&atilde;o de uma nova articula&ccedil;&atilde;o de movimentos sociais em torno das pautas da comunica&ccedil;&atilde;o. A resolu&ccedil;&atilde;o do XVII Congresso Brasileiro dos Estudantes de Comunica&ccedil;&atilde;o Social (Cobrecos) cita a continuidade da participa&ccedil;&atilde;o da Executiva nas comiss&otilde;es estaduais pr&oacute;-confer&ecirc;ncia, de acordo com a realidade de cada estado.<\/p>\n<p><span class=\"padrao\">A resolu&ccedil;&atilde;o do Cobrecos contrasta com o momento vivido pela Executiva, que passa por dificuldades de mobiliza&ccedil;&atilde;o e participa&ccedil;&atilde;o. O congresso, principal evento pol&iacute;tico da Enecos, contou com cerca de 90 participantes. Foi tamb&eacute;m o momento para que uma nova diretoria tomasse posse depois de alguns anos em que a Executiva foi dirigida por gest&otilde;es provis&oacute;rias. Por outro lado, refor&ccedil;a posi&ccedil;&atilde;o anterior da Enecos em rela&ccedil;&atilde;o o F&oacute;rum Nacional pela Democratiza&ccedil;&atilde;o da Comunica&ccedil;&atilde;o (FNDC). H&aacute; alguns anos, a Executiva, que foi uma das entidades fundadoras do FNDC, retirou-se da organiza&ccedil;&atilde;o.<\/p>\n<p>Segundo participantes do congresso, a decis&atilde;o por participar de uma articula&ccedil;&atilde;o alternativa ao FNDC tem forte rela&ccedil;&atilde;o com a postura da dire&ccedil;&atilde;o do F&oacute;rum durante a Confecom. A resolu&ccedil;&atilde;o aprovada pelos delegados cita a postura do FNDC que &ldquo;colaborou para a limita&ccedil;&atilde;o de avan&ccedil;os por parte dos movimentos sociais, como o fechamento de acordos que beneficiaram os interesses do governo e das entidades patronais&rdquo;. <\/p>\n<p>No texto do caderno de resolu&ccedil;&otilde;es do Cobrecos, os estudantes reconhecem &ldquo;o passado de luta do FNDC, f&oacute;rum o qual a Enecos ajudou a construir. No entanto, o FNDC hoje se encontra burocratizado e engessado por meio do seu aparelhamento pela CUT e outros setores atrelados ao governo e patr&otilde;es&rdquo;.<\/p>\n<p>&ldquo;Hoje n&atilde;o existe nenhum espa&ccedil;o em que possamos tocar lutas de democratiza&ccedil;&atilde;o da comunica&ccedil;&atilde;o a partir da perspectiva que temos &#8211; de oposi&ccedil;&atilde;o de esquerda ao governo&rdquo;, afirmou Naiady Piva, estudante de jornalismo da UFPR. Esse novo f&oacute;rum que a Enecos pretende construir ainda n&atilde;o tem forma definida. &ldquo;Optamos por n&atilde;o fazer uma proposta por achar que isso tem que ser constru&iacute;do por v&aacute;rios setores&rdquo;, explicou Naiady. <\/p>\n<p><strong>Diploma para jornalistas<\/p>\n<p><\/strong>O Cobrecos aprovou resolu&ccedil;&atilde;o que rev&ecirc; a posi&ccedil;&atilde;o da Enecos sobre a exig&ecirc;ncia da forma&ccedil;&atilde;o superior espec&iacute;fica para o exerc&iacute;cio profissional do jornalismo. Mais do que uma defesa de fato do diploma, essa delibera&ccedil;&atilde;o foi encarada pelos seus propositores como uma a&ccedil;&atilde;o t&aacute;tica contra a decis&atilde;o do Supremo Tribunal Federal, que agia pelos interesses dos empres&aacute;rios de comunica&ccedil;&atilde;o. Os estudantes tamb&eacute;m avaliaram que este seria um modo de se aproximar dos estudantes de muitas escolas de jornalismo, cuja posi&ccedil;&atilde;o anterior da Enecos &ndash; de n&atilde;o posicionamento na dicotomia diploma &ldquo;sim&rdquo; ou &ldquo;n&atilde;o&rdquo; &#8211; era uma barreira ao di&aacute;logo.<\/p>\n<p>Val&eacute;rio Paiva, estudante de jornalismo da PUC-SP, foi um dos defensores desse novo posicionamento da Executiva e relembra o ac&uacute;mulo de mais de dez anos de debate sobre o diploma entre os estudantes de comunica&ccedil;&atilde;o. &ldquo;Naquele momento [de defesa da n&atilde;o obrigatoriedade], seria contradit&oacute;rio defender a democratiza&ccedil;&atilde;o da comunica&ccedil;&atilde;o, a comunica&ccedil;&atilde;o popular, e ao mesmo tempo o diploma. Essa discuss&atilde;o foi muito rica na d&eacute;cada de 90, mas a conjuntura era outra. No governo FHC, o grau de criminaliza&ccedil;&atilde;o era diferente, assim como o grau de precariza&ccedil;&atilde;o de lutas e a unidade da esquerda. Hoje estamos numa situa&ccedil;&atilde;o ainda mais fr&aacute;gil, de desarticula&ccedil;&atilde;o&rdquo;, compartilha.<\/p>\n<p>A elei&ccedil;&atilde;o do governo Lula, considera Val&eacute;rio, foi um fato que tornou alguns setores dos movimentos sociais n&atilde;o combativos, havendo um avan&ccedil;o do neoliberalismo e &ldquo;dos patr&otilde;es em busca da precariza&ccedil;&atilde;o&rdquo;. &ldquo;Como exemplo, tem-se a vota&ccedil;&atilde;o da obrigatoriedade do diploma de jornalismo no STF a pedido das r&aacute;dios e empresas de televis&atilde;o do Estado de S&atilde;o Paulo.&rdquo;<\/p>\n<p>A Enecos hoje busca uma formula&ccedil;&atilde;o que contemple setores das universidades, que acreditam que a obrigatoriedade do diploma &eacute; fundamental. &ldquo;Tem alguns setores dos estudante nas universidades que acham extremamente importante a obrigatoriedade, como um dos modos de garantir a qualidade&rdquo;, explica.<\/p>\n<p>O desafio da Executiva &eacute; expandir o debate pela regulamenta&ccedil;&atilde;o profissional, sem se preocupar com a dicotomia da obrigatoriedade. &ldquo;De ess&ecirc;ncia, a luta dos dois [por uma outra regulamenta&ccedil;&atilde;o e pela obrigatoriedade] &eacute; a mesma: &eacute; a defesa dos interesses profissionais, em defesa da democratiza&ccedil;&atilde;o da comunica&ccedil;&atilde;o e da qualidade do ensino&rdquo;, diz Val&eacute;rio.&nbsp;<\/p>\n<p>&ldquo;Tem que se unir pra se defender&rdquo;, diz Naiady a respeito dos trabalhadores de comunica&ccedil;&atilde;o, n&atilde;o apenas de jornalismo. &ldquo;Esse &eacute; o debate central que colocamos hoje. Quanto ao diploma, &eacute; importante&nbsp;termos uma posi&ccedil;&atilde;o porque somos requisitados a todo o momento.&rdquo;<\/p>\n<p>A resolu&ccedil;&atilde;o final do Cobrecos fala em exigir a obrigatoriedade  do diploma somente nas empresas e institui&ccedil;&otilde;es p&uacute;blicas que tenham rela&ccedil;&atilde;o capital-trabalho, o que deixa de fora m&iacute;dias livres e comunit&aacute;rias. <\/p>\n<p><strong>EBC e Conselho Nacional<\/strong><\/p>\n<p>Outra delibera&ccedil;&atilde;o dos alunos de comunica&ccedil;&atilde;o foi o posicionamento contr&aacute;rio ao modelo atual da TV Brasil e da TV Cultura, por n&atilde;o contribuir com a constru&ccedil;&atilde;o de uma radiodifus&atilde;o p&uacute;blica que tenha ampla participa&ccedil;&atilde;o da sociedade civil na elabora&ccedil;&atilde;o e gest&atilde;o das emissoras. Defendem que haja garantia de liberdade editorial e financeira, al&eacute;m de espa&ccedil;o garantido para a produ&ccedil;&atilde;o regional independente. <\/p>\n<p>Ainda em rela&ccedil;&atilde;o &agrave; Confecom, mas desta vez tratando das resolu&ccedil;&otilde;es aprovadas na etapa nacional, os estudantes apontaram como prioridade pressionar o governo Lula para a efetiva&ccedil;&atilde;o do Conselho Nacional de Comunica&ccedil;&atilde;o Social.<\/p>\n<p><em>*** Texto corrigido em 29 de janeiro, &agrave;s 15h30.<\/em><\/span> \t \t \t \t<!-- \t\t@page { margin: 2cm } \t\tP { margin-bottom: 0.21cm } \t--><\/p>\n","protected":false},"excerpt":{"rendered":"<p>Em seu congresso, Executiva dos Estudantes de Comunica&ccedil;&atilde;o tamb&eacute;m reviu posi&ccedil;&atilde;o sobre diploma para o exerc&iacute;cio profissional do jornalismo<\/p>\n","protected":false},"author":1,"featured_media":0,"comment_status":"open","ping_status":"open","sticky":false,"template":"","format":"standard","meta":{"footnotes":""},"categories":[40],"tags":[1205],"_links":{"self":[{"href":"https:\/\/obscom.intervozes.org.br\/index.php?rest_route=\/wp\/v2\/posts\/23876"}],"collection":[{"href":"https:\/\/obscom.intervozes.org.br\/index.php?rest_route=\/wp\/v2\/posts"}],"about":[{"href":"https:\/\/obscom.intervozes.org.br\/index.php?rest_route=\/wp\/v2\/types\/post"}],"author":[{"embeddable":true,"href":"https:\/\/obscom.intervozes.org.br\/index.php?rest_route=\/wp\/v2\/users\/1"}],"replies":[{"embeddable":true,"href":"https:\/\/obscom.intervozes.org.br\/index.php?rest_route=%2Fwp%2Fv2%2Fcomments&post=23876"}],"version-history":[{"count":0,"href":"https:\/\/obscom.intervozes.org.br\/index.php?rest_route=\/wp\/v2\/posts\/23876\/revisions"}],"wp:attachment":[{"href":"https:\/\/obscom.intervozes.org.br\/index.php?rest_route=%2Fwp%2Fv2%2Fmedia&parent=23876"}],"wp:term":[{"taxonomy":"category","embeddable":true,"href":"https:\/\/obscom.intervozes.org.br\/index.php?rest_route=%2Fwp%2Fv2%2Fcategories&post=23876"},{"taxonomy":"post_tag","embeddable":true,"href":"https:\/\/obscom.intervozes.org.br\/index.php?rest_route=%2Fwp%2Fv2%2Ftags&post=23876"}],"curies":[{"name":"wp","href":"https:\/\/api.w.org\/{rel}","templated":true}]}}