{"id":23871,"date":"2010-01-28T14:48:39","date_gmt":"2010-01-28T14:48:39","guid":{"rendered":"https:\/\/obscom.intervozes.org.br\/wordpress\/?p=23871"},"modified":"2010-01-28T14:48:39","modified_gmt":"2010-01-28T14:48:39","slug":"empresarios-e-helio-costa-acreditam-que-plano-nao-esta-fechado","status":"publish","type":"post","link":"https:\/\/obscom.intervozes.org.br\/?p=23871","title":{"rendered":"Empres\u00e1rios e H\u00e9lio Costa acreditam que plano n\u00e3o est\u00e1 fechado"},"content":{"rendered":"<p>   \t \t \t \t \t<!-- \t\t@page { margin: 2cm } \t\tP { margin-bottom: 0.21cm } \t--> \t  <\/p>\n<p style=\"margin-bottom: 0cm\" class=\"western\"><em>[T&iacute;tulo original: Empres&aacute;rios continuam em d&uacute;vida sobre objetivos do plano de banda larga]<\/em><\/p>\n<p>No que depender das empresas de telecomunica&ccedil;&otilde;es e do Minist&eacute;rio das Comunica&ccedil;&otilde;es, ainda h&aacute; muito o qu&ecirc; ser discutido antes que o governo anuncie oficialmente o Plano Nacional de Banda Larga. Apesar de j&aacute; existir uma minuta de decreto presidencial com os par&acirc;metros do projeto, o ministro das Comunica&ccedil;&otilde;es, H&eacute;lio Costa, disse nessa quarta-feira, 27, que nada est&aacute; decidido na c&uacute;pula do governo. &quot;N&atilde;o &eacute; o Minist&eacute;rio das Comunica&ccedil;&otilde;es, o Minist&eacute;rio do Planejamento ou a Casa Civil quem vai decidir. &Eacute; o presidente Lula e ele ainda n&atilde;o decidiu&quot;, declarou o ministro ao chegar &agrave; posse de Jarbas Valente no Conselho Diretor da Anatel.<\/p>\n<p>O evento, que reuniu v&aacute;rios empres&aacute;rios e servidores do setor, teve a &quot;banda larga&quot; como tema recorrente nos discursos das autoridades e nas conversas informais ap&oacute;s a cerim&ocirc;nia. Enquanto autoridades como o ministro H&eacute;lio Costa e o novo conselheiro Jarbas Valente elegiam em seu discurso a massifica&ccedil;&atilde;o do servi&ccedil;o como a principal meta a ser alcan&ccedil;ada nesse ano, os empres&aacute;rios ainda se perguntavam quando as concession&aacute;rias ser&atilde;o chamadas oficialmente para contribuir com a proposta. <\/p>\n<p>&quot;N&oacute;s fomos chamados pelo Minist&eacute;rio das Comunica&ccedil;&otilde;es para fazer um plano conjunto, mas agora estamos vendo que h&aacute; outro plano, do governo, e que, por enquanto, estamos de fora. O que queremos saber &eacute; se vamos ou n&atilde;o participar desse projeto&quot;, comentou o presidente de uma operadora presente &agrave; solenidade. Os empres&aacute;rios alegam que n&atilde;o t&ecirc;m &quot;medo&quot; do Plano Nacional de Banda Larga, nem da revitaliza&ccedil;&atilde;o da Telebr&aacute;s. Mas s&atilde;o obrigados a se posicionarem contrariamente ao projeto neste momento por entenderem que &eacute; um &quot;desperd&iacute;cio de dinheiro p&uacute;blico&quot; reativar uma estatal para prestar um servi&ccedil;o que j&aacute; &eacute; oferecido por empresas privadas. <\/p>\n<p>&quot;A verdade &eacute; que n&atilde;o sabemos que plano &eacute; esse. Precisamos saber qual &eacute; o que realmente o governo pretende com esse plano de banda larga. &Eacute; o qu&ecirc;? A reativa&ccedil;&atilde;o da Telebr&aacute;s? N&oacute;s n&atilde;o temos medo disso n&atilde;o&quot;, afirmou outro executivo. &quot;S&oacute; acho que n&oacute;s poder&iacute;amos contribuir. Quem fez a universaliza&ccedil;&atilde;o da banda estreita nesse pa&iacute;s tem experi&ecirc;ncia no assunto que poderia ser aproveitada, n&atilde;o?&quot;, pergunta-se o empres&aacute;rio, referindo-se &agrave; expans&atilde;o da telefonia fixa pelas concession&aacute;rias. <\/p>\n<p><strong>Reuni&otilde;es <\/strong><\/p>\n<p>Enquanto o setor tenta descobrir os objetivos do governo com o plano, o pr&oacute;prio governo continua realizando reuni&otilde;es t&eacute;cnicas para arrematar pontos do projeto e posicionamentos com rela&ccedil;&atilde;o &agrave; proposta. Nessa quinta-feira, 28, a Anatel dever&aacute; fazer uma reuni&atilde;o sobre o assunto, onde os representantes da autarquia nos grupos de trabalho respons&aacute;veis pela constru&ccedil;&atilde;o do plano (coordenados pela Casa Civil) atualizar&atilde;o os conselheiros sobre as propostas em desenvolvimento. <\/p>\n<p>Quanto &agrave; reuni&atilde;o que pode finalizar o projeto, onde os ministros se encontrar&atilde;o com o presidente Luiz In&aacute;cio Lula da Silva, a agenda continua atribulada. Comenta-se que o grande encontro s&oacute; ocorrer&aacute; em mar&ccedil;o, ap&oacute;s o Carnaval, mas a data definitiva ainda n&atilde;o foi acertada.<\/p>\n","protected":false},"excerpt":{"rendered":"<p>[T&iacute;tulo original: Empres&aacute;rios continuam em d&uacute;vida sobre objetivos do plano de banda larga] No que depender das empresas de telecomunica&ccedil;&otilde;es e do Minist&eacute;rio das Comunica&ccedil;&otilde;es, ainda h&aacute; muito o qu&ecirc; ser discutido antes que o governo anuncie oficialmente o Plano Nacional de Banda Larga. Apesar de j&aacute; existir uma minuta de decreto presidencial com os &hellip; <a href=\"https:\/\/obscom.intervozes.org.br\/?p=23871\" class=\"more-link\">Continue lendo <span class=\"screen-reader-text\">Empres\u00e1rios e H\u00e9lio Costa acreditam que plano n\u00e3o est\u00e1 fechado<\/span> <span class=\"meta-nav\">&rarr;<\/span><\/a><\/p>\n","protected":false},"author":1,"featured_media":0,"comment_status":"open","ping_status":"open","sticky":false,"template":"","format":"standard","meta":{"footnotes":""},"categories":[40],"tags":[1123],"_links":{"self":[{"href":"https:\/\/obscom.intervozes.org.br\/index.php?rest_route=\/wp\/v2\/posts\/23871"}],"collection":[{"href":"https:\/\/obscom.intervozes.org.br\/index.php?rest_route=\/wp\/v2\/posts"}],"about":[{"href":"https:\/\/obscom.intervozes.org.br\/index.php?rest_route=\/wp\/v2\/types\/post"}],"author":[{"embeddable":true,"href":"https:\/\/obscom.intervozes.org.br\/index.php?rest_route=\/wp\/v2\/users\/1"}],"replies":[{"embeddable":true,"href":"https:\/\/obscom.intervozes.org.br\/index.php?rest_route=%2Fwp%2Fv2%2Fcomments&post=23871"}],"version-history":[{"count":0,"href":"https:\/\/obscom.intervozes.org.br\/index.php?rest_route=\/wp\/v2\/posts\/23871\/revisions"}],"wp:attachment":[{"href":"https:\/\/obscom.intervozes.org.br\/index.php?rest_route=%2Fwp%2Fv2%2Fmedia&parent=23871"}],"wp:term":[{"taxonomy":"category","embeddable":true,"href":"https:\/\/obscom.intervozes.org.br\/index.php?rest_route=%2Fwp%2Fv2%2Fcategories&post=23871"},{"taxonomy":"post_tag","embeddable":true,"href":"https:\/\/obscom.intervozes.org.br\/index.php?rest_route=%2Fwp%2Fv2%2Ftags&post=23871"}],"curies":[{"name":"wp","href":"https:\/\/api.w.org\/{rel}","templated":true}]}}