{"id":23866,"date":"2010-01-27T18:48:00","date_gmt":"2010-01-27T18:48:00","guid":{"rendered":"https:\/\/obscom.intervozes.org.br\/wordpress\/?p=23866"},"modified":"2010-01-27T18:48:00","modified_gmt":"2010-01-27T18:48:00","slug":"lula-defende-participacao-da-sociedade-na-discussao-de-politicas-de-comunicacao","status":"publish","type":"post","link":"https:\/\/obscom.intervozes.org.br\/?p=23866","title":{"rendered":"Lula defende participa\u00e7\u00e3o da sociedade na discuss\u00e3o de pol\u00edticas de comunica\u00e7\u00e3o"},"content":{"rendered":"<p>   \t \t \t \t \t<!-- \t\t@page { margin: 2cm } \t\tP { margin-bottom: 0.21cm } \t--> \t  <\/p>\n<p style=\"margin-bottom: 0cm\" class=\"western\"><span class=\"padrao\">Depois da pol&ecirc;mica em torno do Plano Nacional de Direitos Humanos, que cont&eacute;m propostas sobre a democratiza&ccedil;&atilde;o da comunica&ccedil;&atilde;o, o presidente Luiz In&aacute;cio Lula criticou ontem (26) o empresariado do setor, que se retirou das discuss&otilde;es da Confer&ecirc;ncia Nacional de Comunica&ccedil;&atilde;o, realizada em Bras&iacute;lia no ano passado. Ele defendeu a reuni&atilde;o, afirmando que as pol&iacute;ticas para o setor devem ser discutidas tamb&eacute;m pela sociedade.<\/p>\n<p>&ldquo;Voc&ecirc;s sabem que metade dos empres&aacute;rios da comunica&ccedil;&atilde;o n&atilde;o participou. Todos participaram, praticamente todos os movimentos sociais. &Eacute; engra&ccedil;ado que ningu&eacute;m mordeu o dedo de ningu&eacute;m, as pessoas n&atilde;o iam l&aacute; para xingar, para ofender, as pessoas iam l&aacute; para dizer: voc&ecirc; t&ecirc;m um olhar diferente de mim. Vamos juntar esses dois olhares e ver qual &eacute; o olhar que podemos dar para a pol&iacute;tica de comunica&ccedil;&atilde;o, que n&atilde;o pode ficar apenas sendo discutida por alguns empres&aacute;rios, mas pela sociedade&quot;.<\/p>\n<p>As declara&ccedil;&otilde;es foram dadas pelo presidente em discurso para mais de 7 mil pessoas no Gin&aacute;sio Gigantinho, em Porto Alegre, em evento do F&oacute;rum Social Mundial (FSM).<\/p>\n<p>A Confer&ecirc;ncia Nacional de Comunica&ccedil;&atilde;o aprovou 665 propostas em defesa de um marco regulat&oacute;rio para o setor, de maior participa&ccedil;&atilde;o da sociedade na difus&atilde;o dos direitos humanos pelas ve&iacute;culos de comunica&ccedil;&atilde;o, de um conselho de classe para os jornalistas e da regulamenta&ccedil;&atilde;o de artigos constitucionais que tratam da produ&ccedil;&atilde;o de conte&uacute;dos regionais, educativos e culturais, por exemplo.<\/p>\n<p>No discurso, Lula citou a contribui&ccedil;&atilde;o dessas confer&ecirc;ncias para as pol&iacute;ticas sociais brasileiras. Lembrou que mais de 60 reuni&otilde;es sobre diversos temas foram realizadas nos &uacute;ltimos sete anos e disse que pretende legalizar o modelo desses encontros, juntamente com as pol&iacute;ticas sociais, para que outros governo tamb&eacute;m tenham um espa&ccedil;o democr&aacute;tico de di&aacute;logo com a sociedade.<\/p>\n<p>Ao fazer um balan&ccedil;o dos 10 anos do F&oacute;rum Social Mundial, o presidente citou a contribui&ccedil;&atilde;o da sociedade e avaliou que o espa&ccedil;o est&aacute; &ldquo;calejado, mais maduro e mais sabido&rdquo;. Segundo Lula, ap&oacute;s a crise financeira internacional, que levantou incertezas sobre o modelo neoliberal, o FSM tem um espa&ccedil;o para crescer como contraponto &agrave;s pol&iacute;ticas capitalistas.<\/p>\n<p>&ldquo;O f&oacute;rum precisa continuar&nbsp;produzindo a ideia da utopia&rdquo;, disse. <\/p>\n<p><em>Edi&ccedil;&atilde;o: Gra&ccedil;a Adjuto <\/em><\/span> <\/p>\n","protected":false},"excerpt":{"rendered":"<p>Depois da pol&ecirc;mica em torno do Plano Nacional de Direitos Humanos, que cont&eacute;m propostas sobre a democratiza&ccedil;&atilde;o da comunica&ccedil;&atilde;o, o presidente Luiz In&aacute;cio Lula criticou ontem (26) o empresariado do setor, que se retirou das discuss&otilde;es da Confer&ecirc;ncia Nacional de Comunica&ccedil;&atilde;o, realizada em Bras&iacute;lia no ano passado. Ele defendeu a reuni&atilde;o, afirmando que as pol&iacute;ticas &hellip; <a href=\"https:\/\/obscom.intervozes.org.br\/?p=23866\" class=\"more-link\">Continue lendo <span class=\"screen-reader-text\">Lula defende participa\u00e7\u00e3o da sociedade na discuss\u00e3o de pol\u00edticas de comunica\u00e7\u00e3o<\/span> <span class=\"meta-nav\">&rarr;<\/span><\/a><\/p>\n","protected":false},"author":1,"featured_media":0,"comment_status":"open","ping_status":"open","sticky":false,"template":"","format":"standard","meta":{"footnotes":""},"categories":[40],"tags":[1199],"_links":{"self":[{"href":"https:\/\/obscom.intervozes.org.br\/index.php?rest_route=\/wp\/v2\/posts\/23866"}],"collection":[{"href":"https:\/\/obscom.intervozes.org.br\/index.php?rest_route=\/wp\/v2\/posts"}],"about":[{"href":"https:\/\/obscom.intervozes.org.br\/index.php?rest_route=\/wp\/v2\/types\/post"}],"author":[{"embeddable":true,"href":"https:\/\/obscom.intervozes.org.br\/index.php?rest_route=\/wp\/v2\/users\/1"}],"replies":[{"embeddable":true,"href":"https:\/\/obscom.intervozes.org.br\/index.php?rest_route=%2Fwp%2Fv2%2Fcomments&post=23866"}],"version-history":[{"count":0,"href":"https:\/\/obscom.intervozes.org.br\/index.php?rest_route=\/wp\/v2\/posts\/23866\/revisions"}],"wp:attachment":[{"href":"https:\/\/obscom.intervozes.org.br\/index.php?rest_route=%2Fwp%2Fv2%2Fmedia&parent=23866"}],"wp:term":[{"taxonomy":"category","embeddable":true,"href":"https:\/\/obscom.intervozes.org.br\/index.php?rest_route=%2Fwp%2Fv2%2Fcategories&post=23866"},{"taxonomy":"post_tag","embeddable":true,"href":"https:\/\/obscom.intervozes.org.br\/index.php?rest_route=%2Fwp%2Fv2%2Ftags&post=23866"}],"curies":[{"name":"wp","href":"https:\/\/api.w.org\/{rel}","templated":true}]}}