{"id":23864,"date":"2010-01-27T16:34:36","date_gmt":"2010-01-27T16:34:36","guid":{"rendered":"https:\/\/obscom.intervozes.org.br\/wordpress\/?p=23864"},"modified":"2010-01-27T16:34:36","modified_gmt":"2010-01-27T16:34:36","slug":"conferencia-nacional-de-cultura-discutira-diversidade-na-midia","status":"publish","type":"post","link":"https:\/\/obscom.intervozes.org.br\/?p=23864","title":{"rendered":"Confer\u00eancia Nacional de Cultura discutir\u00e1 diversidade na m\u00eddia"},"content":{"rendered":"<p>   \t \t \t \t \t<!-- \t\t@page { margin: 2cm } \t\tP { margin-bottom: 0.21cm } \t--> \t  <\/p>\n<p style=\"margin-bottom: 0cm\" class=\"padrao\">Foco de mais um ataque das maiores empresas de comunica&ccedil;&atilde;o do Brasil, a 2&ordf; Confer&ecirc;ncia Nacional de Cultura (CNC), marcada para acontecer de 11 a 14 de mar&ccedil;o, em Bras&iacute;lia, segue na reta final dos seus preparativos. Dentre os pontos importantes da pauta da CNC est&aacute; a associa&ccedil;&atilde;o entre as pol&iacute;ticas de comunica&ccedil;&atilde;o e cultura. Esta diretriz est&aacute; expressa no Texto Base da confer&ecirc;ncia, que traz cr&iacute;ticas ao monop&oacute;lio das comunica&ccedil;&otilde;es e &agrave; falta de regulamenta&ccedil;&atilde;o do cap&iacute;tulo da comunica&ccedil;&atilde;o na Constitui&ccedil;&atilde;o Federal, mais especificamente os artigos que dizem respeito &agrave; regionaliza&ccedil;&atilde;o e produ&ccedil;&atilde;o de conte&uacute;do.<\/p>\n<p>Foram exatamente as interse&ccedil;&otilde;es entre comunica&ccedil;&atilde;o e cultura e a parte do documento que trata deste ponto que fez com que, no in&iacute;cio da semana passada (19), a Associa&ccedil;&atilde;o Brasileira de Emissoras de R&aacute;dio e TV (Abert) lan&ccedil;asse nota criticando o texto base da II CNC. A rea&ccedil;&atilde;o das associa&ccedil;&otilde;es empresariais, atrav&eacute;s de notas e de mat&eacute;rias nos principais ve&iacute;culos a elas vinculados, se d&aacute; quase seis meses ap&oacute;s a divulga&ccedil;&atilde;o do texto base, que est&aacute; dispon&iacute;vel desde agosto na p&aacute;gina do Minist&eacute;rio da Cultura (Minc), &oacute;rg&atilde;o respons&aacute;vel pela organiza&ccedil;&atilde;o da confer&ecirc;ncia.<\/p>\n<p>De acordo com a interpreta&ccedil;&atilde;o feita pela Abert, que credita ao documento uma previs&atilde;o de controle dos meios de comunica&ccedil;&atilde;o, &ldquo;o Texto Base da II CNC representa uma amea&ccedil;a &agrave; liberdade de express&atilde;o&rdquo;. Al&eacute;m da nota da Abert, os jornais <em>O Estado de S. Paulo <\/em>e <em>O Globo <\/em>lan&ccedil;aram editoriais e mat&eacute;rias referindo-se &agrave; confer&ecirc;ncia como um atentado &agrave; liberdade de express&atilde;o, al&eacute;m de entrevistas questionando o formato e a representatividade de confer&ecirc;ncias sobre quaisquer tem&aacute;ticas.<\/p>\n<p><em>O Estado de S. Paulo<\/em>, em seu editorial, &nbsp;referiu-se &agrave; 2&ordf; CNC como &ldquo;mais um ataque &agrave; liberdade de informa&ccedil;&atilde;o e de opini&atilde;o, preparado n&atilde;o por skinheads ou outros grupos de arruaceiros, mas por bandos igualmente antidemocr&aacute;ticos, patrocinados e coordenados pelo governo do presidente Luiz In&aacute;cio Lula da Silva&rdquo;. E completou: &ldquo;O texto-base da confer&ecirc;ncia poderia figurar num museu de teratologia pol&iacute;tica, como exemplo do alcance da estupidez humana.&rdquo;<\/p>\n<p>Apesar de concordar com a avalia&ccedil;&atilde;o de que com o monop&oacute;lio das comunica&ccedil;&otilde;es n&atilde;o h&aacute; democracia, o editorial do <em>Estad&atilde;o <\/em>afirma que &ldquo;n&atilde;o existe esse monop&oacute;lio no Brasil nem nas verdadeiras democracias&rdquo;. O jornal do Grupo Estado d&aacute; a entender que afirmar que a comunica&ccedil;&atilde;o &eacute; monopolizada no Brasil &eacute; uma desculpa &ldquo;dos companheiros do presidente Lula, entre eles alguns de seus ministros&rdquo; para impor a censura no pa&iacute;s. <\/p>\n<p>J&aacute; <em>O Globo <\/em><span style=\"font-style: normal\">registrou <\/span>sua opini&atilde;o em mat&eacute;ria assinada pela jornalista Martha Beck, segundo a qual &ldquo;o governo Lula n&atilde;o desistiu de aprovar algum tipo de controle de conte&uacute;do dos meios de comunica&ccedil;&atilde;o no Brasil, como aconteceu recentemente na Argentina e na Venezuela&rdquo;. A mat&eacute;ria deixa claro que a CNC somou-se ao rol alvos recentes da grande imprensa formado pela Confer&ecirc;ncia Nacional de Comunica&ccedil;&atilde;o e o 3&ordm; Programa Nacional de Direitos Humanos. &ldquo;Depois da discuss&atilde;o do tema na Confer&ecirc;ncia Nacional de Comunica&ccedil;&atilde;o (Confecom) e da criticada abordagem no Programa Nacional de Direitos Humanos, o governo agora prepara uma nova investida para estabelecer o &#39;controle social&#39; dos meios de comunica&ccedil;&atilde;o. A II Confer&ecirc;ncia Nacional de Cultura promete trazer &agrave; tona, mais uma vez, o debate sobre liberdade dos meios de comunica&ccedil;&atilde;o no pa&iacute;s&rdquo;, registra o jornal das Organiza&ccedil;&otilde;es Globo.<\/p>\n<p>Jo&atilde;ozinho Ribeiro, secret&aacute;rio executivo da 2&ordf; Confer&ecirc;ncia Nacional de Cultura defende o texto base lembrando que a confer&ecirc;ncia de cultura &eacute; bem maior que esta quest&atilde;o do monop&oacute;lio dos meios de comunica&ccedil;&atilde;o. &ldquo;O nosso tema &eacute; &#39;Cultura, diversidade, cidadania e desenvolvimento&#39; e, com essa abrang&ecirc;ncia, n&atilde;o tinha como deixar de se discutir a cultura como um direito fundamental e isso tem uma liga&ccedil;&atilde;o muito forte com o direito &agrave; informa&ccedil;&atilde;o, que tamb&eacute;m &eacute; muito importante&rdquo;, afirma.<\/p>\n<p>O secret&aacute;rio lembra tamb&eacute;m que o texto base da 2&ordf; Confer&ecirc;ncia Nacional de Cultura foi elaborado pelo Minist&eacute;rio da Cultura, mas foi apreciado e aprovado pelo Conselho Nacional de Pol&iacute;ticas para Cultura. &ldquo;Tanto o texto base quanto o regimento interno da 2&ordf; CNC foram aprovados pelo Conselho Nacional de Pol&iacute;ticas para Cultura. Inclusive, esse sub-eixo da comunica&ccedil;&atilde;o foi inserido pelo conselho. A discuss&atilde;o estava presente, mas n&atilde;o como um sub-eixo espec&iacute;fico&rdquo;, relata Jo&atilde;ozinho.<\/p>\n<p>Uma semana antes da nota publicada pela Abert contra o texto base da CNC, a associa&ccedil;&atilde;o e tamb&eacute;m jornais da m&iacute;dia tradicional, al&eacute;m da Rede Globo, fizeram cr&iacute;ticas semelhantes ao 3&ordm; Programa Nacional de Direitos Humanos (PNDH3). O PNDH3 tamb&eacute;m questiona a falta de controle da sociedade sobre o conte&uacute;do audiovisual produzido por emissoras de r&aacute;dio e TV, que muitas vezes desvirtuam os princ&iacute;pios constitucionais, deixando de cumprir seu papel educativo e passando a atuar como violadores de direitos humanos.<\/p>\n<p><strong>A comunica&ccedil;&atilde;o na 2&ordf; CNC<\/strong><\/p>\n<p>As quest&otilde;es que tratam das comunica&ccedil;&otilde;es est&atilde;o inseridas no 1&ordm; eixo tem&aacute;tico do Texto Base da 2&ordf; Confer&ecirc;ncia Nacional de Cultura, intitulado &ldquo;Produ&ccedil;&atilde;o Simb&oacute;lica e Diversidade Cultural&rdquo;. Dentro desse eixo, existem quatro pontos e, dentre eles, o de &ldquo;Cultura, Comunica&ccedil;&atilde;o e Democracia&rdquo;. Vale ressaltar que, antes de chegar aos eixos, o documento fala um pouco da vis&atilde;o que o Minist&eacute;rio da Cultura (MinC), &oacute;rg&atilde;o respons&aacute;vel pela convoca&ccedil;&atilde;o dessa confer&ecirc;ncia, adotou para trabalhar as pol&iacute;ticas de cultura do pa&iacute;s.<\/p>\n<p>Primeiramente o texto diz que a cultura, desde a gest&atilde;o do ex-ministro Gilberto Gil &#8211; empossado pelo presidente Luiz In&aacute;cio Lula da Silva em 2002 &#8211; &eacute; vista pelo MinC a partir de tr&ecirc;s dimens&otilde;es: a simb&oacute;lica, a cidad&atilde; e a econ&ocirc;mica. O texto diz ainda que &ldquo;os direitos culturais s&atilde;o direitos humanos e devem constituir-se como plataforma de sustenta&ccedil;&atilde;o das pol&iacute;ticas culturais&rdquo;. Mais adiante, o documento ressalta que a cultura &eacute; um elemento estrat&eacute;gico da nova economia, que se baseia na informa&ccedil;&atilde;o, na criatividade e no conhecimento. <\/p>\n<p>Ao iniciar o &uacute;nico ponto do texto em que fala da comunica&ccedil;&atilde;o, o documento faz a seguinte contextualiza&ccedil;&atilde;o: &ldquo;As atividades relacionadas &agrave; informa&ccedil;&atilde;o est&atilde;o adquirindo import&acirc;ncia crescente no mundo atual. A produ&ccedil;&atilde;o, difus&atilde;o e acesso &agrave;s informa&ccedil;&otilde;es s&atilde;o requisitos b&aacute;sicos para o exerc&iacute;cio das liberdades civis, pol&iacute;ticas, econ&ocirc;micas, sociais e culturais. O monop&oacute;lio dos meios de comunica&ccedil;&atilde;o (m&iacute;dias) representa uma amea&ccedil;a &agrave; democracia e aos direitos humanos, principalmente no Brasil, onde a televis&atilde;o e o r&aacute;dio s&atilde;o os equipamentos de produ&ccedil;&atilde;o e distribui&ccedil;&atilde;o de bens simb&oacute;licos mais disseminados, e por isso cumprem fun&ccedil;&atilde;o relevante na vida cultural.&rdquo; <\/p>\n<p>Mais abaixo o texto fala da integra&ccedil;&atilde;o entre cultura e comunica&ccedil;&atilde;o. &ldquo;T&atilde;o necess&aacute;rio quanto reatar o v&iacute;nculo entre cultura e educa&ccedil;&atilde;o &eacute; integrar as pol&iacute;ticas culturais e de comunica&ccedil;&atilde;o&rdquo;, aponta o documento. <\/p>\n<p>A segunda parte deste trecho do texto base aponta a necessidade de se regulamentar o cap&iacute;tulo Da Comunica&ccedil;&atilde;o Social da Constitui&ccedil;&atilde;o Federal. Este cap&iacute;tulo, dentre outras coisas, prev&ecirc; que sejam estabelecidas regras para que se promova a regionaliza&ccedil;&atilde;o e a veicula&ccedil;&atilde;o de produ&ccedil;&atilde;o independente, o que pode ser claramente entendido como o estabelecimento de cotas a serem respeitadas pelos concession&aacute;rios de r&aacute;dio e TV.<\/p>\n<p>Os f&oacute;runs de cultura e de comunica&ccedil;&atilde;o, diz ainda o documento, &ldquo;devem unir-se na luta pela regulamenta&ccedil;&atilde;o dos artigos da CF\/88 relativos ao tema. Entre eles o que obriga as emissoras de r&aacute;dio e televis&atilde;o a adaptar sua programa&ccedil;&atilde;o ao princ&iacute;pio da regionaliza&ccedil;&atilde;o da produ&ccedil;&atilde;o cultural, art&iacute;stica e jornal&iacute;stica, bem como o que estabelece a prefer&ecirc;ncia que deve ser dada &agrave;s finalidades educativas, art&iacute;sticas, culturais e informativas, &agrave; promo&ccedil;&atilde;o da cultura nacional e regional e &agrave; produ&ccedil;&atilde;o independente (art. 221)&rdquo;. <\/p>\n<p>Justamente este trecho sobre a regulamenta&ccedil;&atilde;o da Constitui&ccedil;&atilde;o &eacute; que, ao lado do primeiro par&aacute;grafo que acusa o fato de a forma&ccedil;&atilde;o de monop&oacute;lios na comunica&ccedil;&atilde;o de ser uma amea&ccedil;a a democracia, serviu de mote para a rea&ccedil;&atilde;o dos empres&aacute;rios de m&iacute;dia. Na l&oacute;gica empresarial, estabelecer normas para o setor da comunica&ccedil;&atilde;o e fazer com que sejam cumpridas deve ser considerado como censura, mesmo que estas normas sejam obriga&ccedil;&otilde;es constitucionais previstas para concession&aacute;rios de um servi&ccedil;o p&uacute;blico &ndash; as emissoras de r&aacute;dio e televis&atilde;o. <\/p>\n<p>A exposi&ccedil;&atilde;o desta l&oacute;gica nos grandes ve&iacute;culos da m&iacute;dia tradicional tem obedecido um roteiro que quase sempre ignora a apresenta&ccedil;&atilde;o das opini&otilde;es expressas nos documentos pelos atores respons&aacute;veis, quando n&atilde;o deixa de citar o pr&oacute;prio processo que deu origem as propostas. No caso da CNC, tanto o MinC como movimentos historicamente ligados &agrave;s an&aacute;lises e demandas expostas no texto base da confer&ecirc;ncia n&atilde;o foram ouvidos.<\/p>\n<p>Na opini&atilde;o de Jo&atilde;ozinho Ribeiro, o debate em torno da democratiza&ccedil;&atilde;o dos meios de comunica&ccedil;&atilde;o vem sendo feito desde 1988, com a promulga&ccedil;&atilde;o da Constitui&ccedil;&atilde;o Federal, e a discuss&atilde;o j&aacute; atravessou v&aacute;rios governos, sempre gerando pol&ecirc;mica. &ldquo;Na verdade, essa situa&ccedil;&atilde;o se parece muito com o famoso poema de [M&aacute;rio] Quintana quando diz que os verdadeiros analfabetos s&atilde;o os que aprenderam a ler e, em sabendo, n&atilde;o o fazem&rdquo;, diz o secret&aacute;rio. <\/p>\n<p>Os textos cuja leitura n&atilde;o foi feita por aqueles que atacam a Confer&ecirc;ncia Nacional de Cultura, aponta o secret&aacute;rio, mostram que a quest&atilde;o da democratiza&ccedil;&atilde;o dos meios de comunica&ccedil;&atilde;o &eacute; parte da maioria dos tratados e conven&ccedil;&otilde;es internacionais assinadas pelo Brasil, inclusive a Conven&ccedil;&atilde;o da Diversidade Cultural da Organiza&ccedil;&atilde;o das Na&ccedil;&otilde;es Unidas, de 2005, e tamb&eacute;m da Agenda 21 da Cultura, aprovada em Barcelona em 2004.<\/p>\n","protected":false},"excerpt":{"rendered":"<p>   \t \t \t \t \t<!-- \t\t@page { margin: 2cm } \t\tP { margin-bottom: 0.21cm } \t--> \t  <\/p>\n<p style=\"margin-bottom: 0cm\" class=\"padrao\">Cita&ccedil;&otilde;es aos efeitos do monop&oacute;lio nas comunica&ccedil;&otilde;es e pedidos de regulamenta&ccedil;&atilde;o da Constitui&ccedil;&atilde;o provocam rea&ccedil;&atilde;o do empresariado<\/p>\n","protected":false},"author":1,"featured_media":0,"comment_status":"open","ping_status":"open","sticky":false,"template":"","format":"standard","meta":{"footnotes":""},"categories":[40],"tags":[1202],"_links":{"self":[{"href":"https:\/\/obscom.intervozes.org.br\/index.php?rest_route=\/wp\/v2\/posts\/23864"}],"collection":[{"href":"https:\/\/obscom.intervozes.org.br\/index.php?rest_route=\/wp\/v2\/posts"}],"about":[{"href":"https:\/\/obscom.intervozes.org.br\/index.php?rest_route=\/wp\/v2\/types\/post"}],"author":[{"embeddable":true,"href":"https:\/\/obscom.intervozes.org.br\/index.php?rest_route=\/wp\/v2\/users\/1"}],"replies":[{"embeddable":true,"href":"https:\/\/obscom.intervozes.org.br\/index.php?rest_route=%2Fwp%2Fv2%2Fcomments&post=23864"}],"version-history":[{"count":0,"href":"https:\/\/obscom.intervozes.org.br\/index.php?rest_route=\/wp\/v2\/posts\/23864\/revisions"}],"wp:attachment":[{"href":"https:\/\/obscom.intervozes.org.br\/index.php?rest_route=%2Fwp%2Fv2%2Fmedia&parent=23864"}],"wp:term":[{"taxonomy":"category","embeddable":true,"href":"https:\/\/obscom.intervozes.org.br\/index.php?rest_route=%2Fwp%2Fv2%2Fcategories&post=23864"},{"taxonomy":"post_tag","embeddable":true,"href":"https:\/\/obscom.intervozes.org.br\/index.php?rest_route=%2Fwp%2Fv2%2Ftags&post=23864"}],"curies":[{"name":"wp","href":"https:\/\/api.w.org\/{rel}","templated":true}]}}