{"id":23858,"date":"2010-01-26T16:31:11","date_gmt":"2010-01-26T16:31:11","guid":{"rendered":"https:\/\/obscom.intervozes.org.br\/wordpress\/?p=23858"},"modified":"2010-01-26T16:31:11","modified_gmt":"2010-01-26T16:31:11","slug":"ebc-realiza-audiencias-para-discutir-implantacao-de-tv-digital-em-emissoras-publicas","status":"publish","type":"post","link":"https:\/\/obscom.intervozes.org.br\/?p=23858","title":{"rendered":"EBC realiza audi\u00eancias para discutir implanta\u00e7\u00e3o de TV digital em emissoras p\u00fablicas"},"content":{"rendered":"<p>   \t \t \t \t \t<!-- \t\t@page { margin: 2cm } \t\tP { margin-bottom: 0.21cm } \t--> \t  <\/p>\n<p style=\"margin-bottom: 0cm\" class=\"western\">O projeto Operador &Uacute;nico da Rede Nacional de TV P&uacute;blica Digital Terrestre, que tem por objetivo a implanta&ccedil;&atilde;o e opera&ccedil;&atilde;o de uma plataforma de transmiss&otilde;es em sistema digital para emissoras p&uacute;blicas e estatais federais, ser&aacute; tema de audi&ecirc;ncias p&uacute;blicas realizadas pela Empresa Brasil de Comunica&ccedil;&atilde;o (EBC).<\/p>\n<p>As audi&ecirc;ncias p&uacute;blicas ser&atilde;o abertas a todos que tenham interesse no assunto e desejem esclarecimentos sobre o projeto e sua aplica&ccedil;&atilde;o. A inten&ccedil;&atilde;o &eacute; recolher e examinar as d&uacute;vidas existentes para que seja feito um aprimoramento do edital e dos contratos. As audi&ecirc;ncias ser&atilde;o realizadas nos dias 27 e 28 de janeiro. A primeira ser&aacute; realizada no Rio de Janeiro e a segunda, em Bras&iacute;lia.<\/p>\n<p>A implanta&ccedil;&atilde;o do projeto vai baratear custos e acelerar a migra&ccedil;&atilde;o para a nova tecnologia. A concess&atilde;o para a explora&ccedil;&atilde;o do servi&ccedil;o ser&aacute; dada &agrave; empresa vencedora pelo per&iacute;odo de 20&nbsp; anos e o financiamento ser&aacute; feito pela Banco Nacional de Desenvolvimento Social (BNDES).<\/p>\n<p>A lei que criou a EBC prev&ecirc; a cria&ccedil;&atilde;o de uma Rede Nacional de Comunica&ccedil;&atilde;o P&uacute;blica e isso ocorrer&aacute; atrav&eacute;s da cria&ccedil;&atilde;o da plataforma digital comum.<\/p>\n<p>Por meio desta plataforma, as TVs legislativas (C&acirc;mara e Senado), do Poder Executivo (NBR), do Judici&aacute;rio (TV Justi&ccedil;a) e a TV P&uacute;blica federal (TV Brasil) exibir&atilde;o suas programa&ccedil;&otilde;es em tecnologia digital. Haver&aacute; ainda a implanta&ccedil;&atilde;o de novas redes estatais do Minist&eacute;rio da Educa&ccedil;&atilde;o, do Minist&eacute;rio da Cultura e do Minist&eacute;rio das Comunica&ccedil;&otilde;es.<\/p>\n<p>Emissoras privadas poder&atilde;o alugar segmentos da plataforma para a transmiss&atilde;o digital em regi&otilde;es que ainda n&atilde;o tenham instalado seu pr&oacute;prio sistema de transmiss&atilde;o.<\/p>\n","protected":false},"excerpt":{"rendered":"<p>O projeto Operador &Uacute;nico da Rede Nacional de TV P&uacute;blica Digital Terrestre, que tem por objetivo a implanta&ccedil;&atilde;o e opera&ccedil;&atilde;o de uma plataforma de transmiss&otilde;es em sistema digital para emissoras p&uacute;blicas e estatais federais, ser&aacute; tema de audi&ecirc;ncias p&uacute;blicas realizadas pela Empresa Brasil de Comunica&ccedil;&atilde;o (EBC). As audi&ecirc;ncias p&uacute;blicas ser&atilde;o abertas a todos que tenham &hellip; <a href=\"https:\/\/obscom.intervozes.org.br\/?p=23858\" class=\"more-link\">Continue lendo <span class=\"screen-reader-text\">EBC realiza audi\u00eancias para discutir implanta\u00e7\u00e3o de TV digital em emissoras p\u00fablicas<\/span> <span class=\"meta-nav\">&rarr;<\/span><\/a><\/p>\n","protected":false},"author":1,"featured_media":0,"comment_status":"open","ping_status":"open","sticky":false,"template":"","format":"standard","meta":{"footnotes":""},"categories":[40],"tags":[1200],"_links":{"self":[{"href":"https:\/\/obscom.intervozes.org.br\/index.php?rest_route=\/wp\/v2\/posts\/23858"}],"collection":[{"href":"https:\/\/obscom.intervozes.org.br\/index.php?rest_route=\/wp\/v2\/posts"}],"about":[{"href":"https:\/\/obscom.intervozes.org.br\/index.php?rest_route=\/wp\/v2\/types\/post"}],"author":[{"embeddable":true,"href":"https:\/\/obscom.intervozes.org.br\/index.php?rest_route=\/wp\/v2\/users\/1"}],"replies":[{"embeddable":true,"href":"https:\/\/obscom.intervozes.org.br\/index.php?rest_route=%2Fwp%2Fv2%2Fcomments&post=23858"}],"version-history":[{"count":0,"href":"https:\/\/obscom.intervozes.org.br\/index.php?rest_route=\/wp\/v2\/posts\/23858\/revisions"}],"wp:attachment":[{"href":"https:\/\/obscom.intervozes.org.br\/index.php?rest_route=%2Fwp%2Fv2%2Fmedia&parent=23858"}],"wp:term":[{"taxonomy":"category","embeddable":true,"href":"https:\/\/obscom.intervozes.org.br\/index.php?rest_route=%2Fwp%2Fv2%2Fcategories&post=23858"},{"taxonomy":"post_tag","embeddable":true,"href":"https:\/\/obscom.intervozes.org.br\/index.php?rest_route=%2Fwp%2Fv2%2Ftags&post=23858"}],"curies":[{"name":"wp","href":"https:\/\/api.w.org\/{rel}","templated":true}]}}