{"id":23851,"date":"2010-01-21T17:30:23","date_gmt":"2010-01-21T17:30:23","guid":{"rendered":"https:\/\/obscom.intervozes.org.br\/wordpress\/?p=23851"},"modified":"2014-09-07T02:59:21","modified_gmt":"2014-09-07T02:59:21","slug":"pessoas-com-deficiencia-e-a-1a-conferencia-nacional-de-comunicacao","status":"publish","type":"post","link":"https:\/\/obscom.intervozes.org.br\/?p=23851","title":{"rendered":"Pessoas com defici\u00eancia e a 1\u00aa Confer\u00eancia Nacional de Comunica\u00e7\u00e3o"},"content":{"rendered":"<p>   \t \t \t \t \t<!-- \t\t@page { margin: 2cm } \t\tP { margin-bottom: 0.21cm } \t--> \t  <\/p>\n<p style=\"margin-bottom: 0cm\" class=\"padrao\">Ednilson Sacramento, militante com defici&ecirc;ncia visual, foi o representante da ONG Arcca (Acesso e Reintegra&ccedil;&atilde;o &agrave; Comunica&ccedil;&atilde;o, Cultura e Arte) na 1&ordf; Confer&ecirc;ncia Nacional de Comunica&ccedil;&atilde;o (Confecom), e tamb&eacute;m das pessoas com defici&ecirc;ncia que, apesar de n&atilde;o terem marcado a Confer&ecirc;ncia de forma massiva, conseguiram chamar aten&ccedil;&atilde;o para as suas reivindica&ccedil;&otilde;es. Uma s&eacute;rie de propostas sobre o tema foram aprovadas, como recursos para acesso &agrave; comunica&ccedil;&atilde;o (audiodescri&ccedil;&atilde;o, legendagem para surdos e int&eacute;rprete de Libras) e adapta&ccedil;&atilde;o de infocentros para receber essa popula&ccedil;&atilde;o.<\/p>\n<p>Segundo o Censo 2000, aproximadamente 14% da popula&ccedil;&atilde;o possui algum tipo de defici&ecirc;ncia, o que &ldquo;s&oacute; &eacute; vis&iacute;vel quando tem algum evento, alguma organiza&ccedil;&atilde;o p&uacute;blica. No dia a dia elas [pessoas com&nbsp;defici&ecirc;ncia] s&atilde;o invis&iacute;veis&rdquo;, analisa Ednilson, que foi um dos poucos delegados com defici&ecirc;ncia presente na Confecom.&nbsp;Al&eacute;m de integrar a Arcca, Ednilson&nbsp;faz parte da rede Comiss&atilde;o Civil de Acessibilidade de Salvador, e &eacute; conselheiro titular do Conselho Estadual das Pessoas com Defici&ecirc;ncia do Estado da Bahia (Coed).&nbsp;<\/p>\n<p>Na opini&atilde;o dele, a&nbsp;Confecom n&atilde;o ofereceu muitas possibilidades de a&ccedil;&atilde;o, &ldquo;mas pautamos a quest&atilde;o de acesso na comunica&ccedil;&atilde;o, isso ficou evidente na maioria dos GTs (grupos de trabalho). A Confecom serviu como uma grande mesa redonda onde pautamos nossas quest&otilde;es&rdquo;. Outra vit&oacute;ria foi a sensibiliza&ccedil;&atilde;o de militantes de outras causas pelas reivindica&ccedil;&otilde;es das pessoas com defici&ecirc;ncia, de modo que suas pautas estiveram presentes em muitas discuss&otilde;es.<\/p>\n<p>Quem tamb&eacute;m acompanhou a Confecom foi Paulo Romeu Filho, analista de sistemas da Prodam ETIC e militante com defici&ecirc;ncia visual. A principal reivindica&ccedil;&atilde;o aprovada na Confer&ecirc;ncia, segundo ele, foi a implementa&ccedil;&atilde;o imediata do que determina o decreto 5296 de 2004 &#8211; que aprova a lei de acessibilidade.&nbsp;A proposta&nbsp;contra a &quot;protela&ccedil;&atilde;o, procrastina&ccedil;&atilde;o, enrola&ccedil;&atilde;o do Minist&eacute;rio das Comunica&ccedil;&otilde;es em rela&ccedil;&atilde;o &agrave; audiodescri&ccedil;&atilde;o&quot;,&nbsp;n&atilde;o precisou nem ser votada na plen&aacute;ria final, por ter mais de 80% de aprova&ccedil;&atilde;o nos GTs.<\/p>\n<p>&quot;Na pr&aacute;tica tenho desconfian&ccedil;as de que (a Confecom) vai influenciar muito pouco&quot;, analisa Paulo. Ele lembra da situa&ccedil;&atilde;o inconstitucional em que se encontra o Brasil, ao n&atilde;o p&ocirc;r em pr&aacute;tica a Conven&ccedil;&atilde;o dos Direitos das Pessoas com Defici&ecirc;ncia da ONU, cujo Brasil &eacute; signat&aacute;rio, e que fala de acessibilidade na comunica&ccedil;&atilde;o. &quot;A emenda 45 da Constitui&ccedil;&atilde;o, diz que os tratados internacionais de direitos humanos que forem aprovados pela C&acirc;mara e pelo Senado sobre determinadas condi&ccedil;&otilde;es, vigoram no Brasil com status de emenda constitucional. Portanto, como a Conven&ccedil;&atilde;o foi aprovada estamos em fase de descumprimento no supremo Tribunal Federal&quot;, esclarece.<\/p>\n<p>Diferentemente de outros participantes, os desafios para os militantes com defici&ecirc;ncia n&atilde;o foram s&oacute; pol&iacute;ticos. &ldquo;As pessoas com defici&ecirc;ncia precisam vencer quatro obst&aacute;culos para participarem como os outros: sa&uacute;de, transporte especializado, a acessibilidade do local do encontro e o material precisa ser acess&iacute;vel para se participar de um GT&rdquo;, explica Ednilson.<\/p>\n<p><strong>&ldquo;Queremos ser inclu&iacute;dos plenamente&rdquo;<\/strong><\/p>\n<p>A Confecom n&atilde;o poderia pretender ser mais pr&aacute;tica que o decreto 5296\/04, que regulamenta os crit&eacute;rios de acessibilidade. &ldquo;Tivemos cinco anos para por em pr&aacute;tica o decreto, e infelizmente o Minist&eacute;rio das Comunica&ccedil;&otilde;es n&atilde;o se tocou. Pouco se fez, algo em torno de 10% ou 15% do que se previa. Os prazos de toler&acirc;ncia expiraram em 2008, e estamos no buraco entre a aprova&ccedil;&atilde;o e o cumprimento da lei&rdquo;, compartilhou desanimadamente Ednilson.<\/p>\n<p>Quanto &agrave; audiodescri&ccedil;&atilde;o, desde a &uacute;ltima portaria do dia 27 de novembro de 2009, que abriu a quarta consulta p&uacute;blica sobre o assunto (<a href=\"http:\/\/localhost\/intervozes_direitoacomunicacao\/wordpress\/?p=23674\" target=\"_blank\">ver mat&eacute;ria<\/a>),&nbsp;diminui-se as horas de programa&ccedil;&atilde;o acess&iacute;vel em rela&ccedil;&atilde;o ao que estava previsto na primeira vers&atilde;o da norma. <\/p>\n<p>As regras para a aplica&ccedil;&atilde;o da audiodescri&ccedil;&atilde;o s&oacute; valer&atilde;o para as emissoras que funcionarem com o sinal digital. Para as poucas que j&aacute; operam digitalmente, foi estabelecida a obriga&ccedil;&atilde;o para que elas comecem a transmitir seus conte&uacute;dos com a audiodescri&ccedil;&atilde;o at&eacute; 1&ordm; de julho do ano que vem. <\/p>\n<p>No come&ccedil;o, ser&aacute; preciso exibir apenas duas horas semanais e, depois de onze anos, devem chegar a 24 horas semanais de conte&uacute;do audiodescrito. Na primeira vers&atilde;o da norma, em 10 anos, as TVs teriam de ter 100% da programa&ccedil;&atilde;o acess&iacute;vel ao fim do prazo.&nbsp;<\/p>\n<p>Essas metas, considera Paulo, desestimulam a forma&ccedil;&atilde;o de trabalho para audiodescritores. &quot;Em vez de a TV servir como um indutor da audiodescri&ccedil;&atilde;o, acessibilidade, ela faz &eacute; o contr&aacute;rio. Quer que 100% do cinema e teatro d&ecirc;em esse passo, pra s&oacute; depois ela aplicar, sem correr nenhum risco financeiro&quot;. Um agravante disso &eacute; o fato da TV ser o meio mais &quot;democr&aacute;tico&quot; de cultura, presente na quase totalidade dos munic&iacute;pios. Al&eacute;m de pessoas com defici&ecirc;ncia, mesmo nos grandes centros, as pessoas n&atilde;o t&ecirc;m o costume de ir a teatros e cinemas, pelas dificuldades de compreens&atilde;o e locomo&ccedil;&atilde;o. E apenas 8,7% dos munic&iacute;pios do pa&iacute;s possuem cinemas.<\/p>\n<p>Ednilson classifica a acessibilidade como um &ldquo;calcanhar de aquiles&rdquo; da comunica&ccedil;&atilde;o, &ldquo;embora j&aacute; estejam regulamentados por decreto, as emissoras de TV insistem em n&atilde;o aplic&aacute;-las&rdquo;. Acrescentou tamb&eacute;m as&nbsp;mazelas de se ter um minist&eacute;rio como o das Comunica&ccedil;&otilde;es, que n&atilde;o &eacute; um aliado para fazer valer os direitos das pessoas com defici&ecirc;ncia.&nbsp;<\/p>\n<p><strong>Cen&aacute;rio P&oacute;s-Confecom<\/strong><\/p>\n<p>Ednilson acredita que a Confer&ecirc;ncia, que aconteceu entre os dias 14 e 17 de dezembro passado, pautar&aacute; as discuss&otilde;es daqui para frente, tendo ela agu&ccedil;ado o olhar dos governos, empres&aacute;rios e sociedade civil para as pautas. &ldquo;Nem tudo ser&aacute; resolvido em 2010, como a quest&atilde;o da banda larga, da acelera&ccedil;&atilde;o do processo de outorga de r&aacute;dios comunit&aacute;rias, os crit&eacute;rios de uso dos espectros de TV e r&aacute;dios&#8230;&rdquo;. Por&eacute;m, ele acredita que, para uma &aacute;rea com atraso de quarenta anos, o ano de 2010 pode vir com algum sinal de mudan&ccedil;a.<\/p>\n<p>    \t \t \t \t \t<!-- \t\t@page { margin: 2cm } \t\tP { margin-bottom: 0.21cm } \t--><\/p>\n","protected":false},"excerpt":{"rendered":"<p>Militantes com defici&ecirc;ncia avaliam que a Confecom aprovou pautas importantes; a aplica&ccedil;&atilde;o das medidas &eacute; que est&aacute; dif&iacute;cil<\/p>\n","protected":false},"author":1,"featured_media":0,"comment_status":"open","ping_status":"open","sticky":false,"template":"","format":"standard","meta":{"footnotes":""},"categories":[40],"tags":[178],"_links":{"self":[{"href":"https:\/\/obscom.intervozes.org.br\/index.php?rest_route=\/wp\/v2\/posts\/23851"}],"collection":[{"href":"https:\/\/obscom.intervozes.org.br\/index.php?rest_route=\/wp\/v2\/posts"}],"about":[{"href":"https:\/\/obscom.intervozes.org.br\/index.php?rest_route=\/wp\/v2\/types\/post"}],"author":[{"embeddable":true,"href":"https:\/\/obscom.intervozes.org.br\/index.php?rest_route=\/wp\/v2\/users\/1"}],"replies":[{"embeddable":true,"href":"https:\/\/obscom.intervozes.org.br\/index.php?rest_route=%2Fwp%2Fv2%2Fcomments&post=23851"}],"version-history":[{"count":1,"href":"https:\/\/obscom.intervozes.org.br\/index.php?rest_route=\/wp\/v2\/posts\/23851\/revisions"}],"predecessor-version":[{"id":28079,"href":"https:\/\/obscom.intervozes.org.br\/index.php?rest_route=\/wp\/v2\/posts\/23851\/revisions\/28079"}],"wp:attachment":[{"href":"https:\/\/obscom.intervozes.org.br\/index.php?rest_route=%2Fwp%2Fv2%2Fmedia&parent=23851"}],"wp:term":[{"taxonomy":"category","embeddable":true,"href":"https:\/\/obscom.intervozes.org.br\/index.php?rest_route=%2Fwp%2Fv2%2Fcategories&post=23851"},{"taxonomy":"post_tag","embeddable":true,"href":"https:\/\/obscom.intervozes.org.br\/index.php?rest_route=%2Fwp%2Fv2%2Ftags&post=23851"}],"curies":[{"name":"wp","href":"https:\/\/api.w.org\/{rel}","templated":true}]}}