{"id":23850,"date":"2010-01-21T14:57:08","date_gmt":"2010-01-21T14:57:08","guid":{"rendered":"https:\/\/obscom.intervozes.org.br\/wordpress\/?p=23850"},"modified":"2010-01-21T14:57:08","modified_gmt":"2010-01-21T14:57:08","slug":"radio-digital-no-brasil-devera-ter-padrao-europeu","status":"publish","type":"post","link":"https:\/\/obscom.intervozes.org.br\/?p=23850","title":{"rendered":"R\u00e1dio digital no Brasil dever\u00e1 ter padr\u00e3o europeu"},"content":{"rendered":"<p>   \t \t \t \t \t<!-- \t\t@page { margin: 2cm } \t\tP { margin-bottom: 0.21cm } \t--> \t  <\/p>\n<p style=\"margin-bottom: 0cm\" class=\"western\"><span class=\"padrao\">Tudo indica que o governo brasileiro vai adotar o modelo europeu de r&aacute;dio digital. O prazo para a entrega do relat&oacute;rio final dos testes com a tecnologia europeia de radiodifus&atilde;o terminou na segunda-feira e, segundo um funcion&aacute;rio do alto escal&atilde;o do governo, o an&uacute;ncio deve ocorrer em fevereiro. Segundo a fonte, o ministro das Comunica&ccedil;&otilde;es, H&eacute;lio Costa, ficou impressionado com a qualidade das transmiss&otilde;es tanto em FM quanto em AM, consideradas &ldquo;muito satisfat&oacute;rias&rdquo;. Outra vantagem do modelo europeu, segundo o funcion&aacute;rio, &eacute; que cada aparelho receptor de r&aacute;dio digital &eacute; praticamente uma central multim&iacute;dia, que permitir&aacute; n&atilde;o s&oacute; a transmiss&atilde;o de &aacute;udio, mas tamb&eacute;m a de imagem.<\/p>\n<p><\/span> <\/p>\n<p style=\"margin-bottom: 0cm\" class=\"western\"><span class=\"padrao\">&ldquo;Com a ades&atilde;o ao sistema europeu, a EBC (Empresa Brasil de Comunica&ccedil;&atilde;o) e a R&aacute;dio Nacional v&atilde;o poder fazer transmiss&otilde;es para o pa&iacute;s inteiro&rdquo;, destacou a fonte. Os testes com o Digital Radio Mondiale (DRM), denomina&ccedil;&atilde;o t&eacute;cnica do modelo europeu (leia quadro) foram feitos em S&atilde;o Paulo. Agora, ser&atilde;o executados tamb&eacute;m em Belo Horizonte. Quando a transi&ccedil;&atilde;o do modelo de r&aacute;dio anal&oacute;gico para digital come&ccedil;ou a ser discutida, a tend&ecirc;ncia era que fosse escolhido um padr&atilde;o norte-americano. Por&eacute;m, como os testes detectaram muita interfer&ecirc;ncia nas transmiss&otilde;es em AM, a tecnologia teria sido abandonada.<\/p>\n<p><\/span> <\/p>\n<p style=\"margin-bottom: 0cm\" class=\"western\"><span class=\"padrao\">Ronald Siqueira Barbosa, engenheiro t&eacute;cnico da Associa&ccedil;&atilde;o Brasileira de R&aacute;dio e Televis&atilde;o (Abert), ficou surpreso com a poss&iacute;vel escolha do modelo europeu de r&aacute;dio digital. &ldquo;A gente continua optando pelo modelo americano. Ao optar por uma tecnologia, temos que levar em conta v&aacute;rios fatores: ter receptores no mercado, facilidade de acesso e tecnologia de transmiss&atilde;o. O americano &eacute; o melhor&rdquo;, afirmou. Ele observa que no europeu existe essa dificuldade, pois h&aacute; menos de 100 esta&ccedil;&otilde;es em opera&ccedil;&atilde;o no mundo. &ldquo;Nossa preocupa&ccedil;&atilde;o &eacute; que o modelo europeu est&aacute; aprovado desde 2003 e n&atilde;o deslancha nem na Europa.&rdquo;<\/p>\n<p><\/span> <\/p>\n<p style=\"margin-bottom: 0cm\" class=\"western\"><span class=\"padrao\"><strong>Pre&ccedil;o<\/strong><\/p>\n<p><\/span> <\/p>\n<p style=\"margin-bottom: 0cm\" class=\"western\"><span class=\"padrao\">Outra preocupa&ccedil;&atilde;o da Abert &eacute; com o custo. Enquanto os equipamentos de transmiss&atilde;o do modelo americano custam cerca de US$ 35 mil, o europeu fica entre US$ 70 mil e US$ 90 mil. Barbosa alerta ainda que essa propor&ccedil;&atilde;o deve ser repetir para os receptores, ou seja, o r&aacute;dio que o consumidor ouve. &ldquo;Essa &eacute; a nossa preocupa&ccedil;&atilde;o. R&aacute;dio &eacute; o produto mais barato do mundo que usa radiofrequ&ecirc;ncia. S&oacute; no Brasil, s&atilde;o cerca de 250 milh&otilde;es&rdquo;, pondera.<\/p>\n<p><\/span> <\/p>\n<p style=\"margin-bottom: 0cm\" class=\"western\"><span class=\"padrao\">Arthur Luis Cardoso, gerente das r&aacute;dios dos Di&aacute;rios Associados no Distrito Federal, observa que as emissoras ter&atilde;o que fazer grandes investimentos e questiona at&eacute; que ponto eles trazem retorno para as empresas. &ldquo;Com exce&ccedil;&atilde;o do Jap&atilde;o &mdash; onde al&eacute;m de a popula&ccedil;&atilde;o ter uma renda alta, h&aacute; um forte consumo de tecnologia &mdash;, nos lugares onde a r&aacute;dio digital foi implantada n&atilde;o houve aumento de audi&ecirc;ncia para as emissoras&rdquo;, compara. Para Eduardo Tudo, presidente da Teleco, consultoria especializada em telecomunica&ccedil;&otilde;es, o mais importante &eacute; decidir rapidamente. &ldquo;O principal &eacute; definir logo. As redes AM dependem muito de ter a digitaliza&ccedil;&atilde;o para ter qualidade semelhante &agrave; FM&rdquo;, ressaltou.<br \/><\/span><\/p>\n<p style=\"margin-bottom: 0cm\" class=\"western\">&nbsp;<\/p>\n<p style=\"margin-bottom: 0cm\" class=\"western\">***&nbsp;<\/p>\n<p style=\"margin-bottom: 0cm\" class=\"western\"><span class=\"padrao\"><strong>Saiba mais<\/strong><\/p>\n<p><\/span> <\/p>\n<p style=\"margin-bottom: 0cm\" class=\"padrao\"><strong>O que &eacute;?<\/strong><\/p>\n<p>Com o r&aacute;dio digital, os sinais de &aacute;udio ser&atilde;o digitalizados antes de serem transmitidos, o que torna poss&iacute;vel obter uma melhor qualidade de som e aumentar o n&uacute;mero de esta&ccedil;&otilde;es.<\/p>\n<p style=\"margin-bottom: 0cm\" class=\"padrao\">&nbsp;<\/p>\n<p style=\"margin-bottom: 0cm\" class=\"padrao\"><strong>Tecnologia<\/strong><\/p>\n<p>Os sistemas de r&aacute;dio digital podem ser divididos entre os que usam um mesmo canal, conhecido como In-band on-channel (Iboc), e os que utilizam um segunda banda. Os mais conhecidos usam o Iboc: os modelos HD Radio e FMeXtra, norte-americanos, e o Digital Radio Mondiale (DRM), europeu.<\/p>\n<p style=\"margin-bottom: 0cm\" class=\"padrao\">&nbsp;<\/p>\n<p style=\"margin-bottom: 0cm\" class=\"padrao\"><strong>Discuss&atilde;o<\/strong><\/p>\n<p>Falta escolher entre os modelos norte-americano ou europeu. Cada radiodifusor poder&aacute; iniciar a transi&ccedil;&atilde;o conforme sua disponibilidade e estrat&eacute;gia e o ouvinte, sintonizar a r&aacute;dio pelo antigo sistema anal&oacute;gico, sem a necessidade imediata de adquirir novos receptores.<\/p>\n<p style=\"margin-bottom: 0cm\" class=\"padrao\">&nbsp;<\/p>\n<p style=\"margin-bottom: 0cm\" class=\"padrao\"><em>Com informa&ccedil;&otilde;es da Teleco&nbsp;<\/em><\/p>\n","protected":false},"excerpt":{"rendered":"<p>Tudo indica que o governo brasileiro vai adotar o modelo europeu de r&aacute;dio digital. O prazo para a entrega do relat&oacute;rio final dos testes com a tecnologia europeia de radiodifus&atilde;o terminou na segunda-feira e, segundo um funcion&aacute;rio do alto escal&atilde;o do governo, o an&uacute;ncio deve ocorrer em fevereiro. Segundo a fonte, o ministro das Comunica&ccedil;&otilde;es, &hellip; <a href=\"https:\/\/obscom.intervozes.org.br\/?p=23850\" class=\"more-link\">Continue lendo <span class=\"screen-reader-text\">R\u00e1dio digital no Brasil dever\u00e1 ter padr\u00e3o europeu<\/span> <span class=\"meta-nav\">&rarr;<\/span><\/a><\/p>\n","protected":false},"author":1,"featured_media":0,"comment_status":"open","ping_status":"open","sticky":false,"template":"","format":"standard","meta":{"footnotes":""},"categories":[40],"tags":[446],"_links":{"self":[{"href":"https:\/\/obscom.intervozes.org.br\/index.php?rest_route=\/wp\/v2\/posts\/23850"}],"collection":[{"href":"https:\/\/obscom.intervozes.org.br\/index.php?rest_route=\/wp\/v2\/posts"}],"about":[{"href":"https:\/\/obscom.intervozes.org.br\/index.php?rest_route=\/wp\/v2\/types\/post"}],"author":[{"embeddable":true,"href":"https:\/\/obscom.intervozes.org.br\/index.php?rest_route=\/wp\/v2\/users\/1"}],"replies":[{"embeddable":true,"href":"https:\/\/obscom.intervozes.org.br\/index.php?rest_route=%2Fwp%2Fv2%2Fcomments&post=23850"}],"version-history":[{"count":0,"href":"https:\/\/obscom.intervozes.org.br\/index.php?rest_route=\/wp\/v2\/posts\/23850\/revisions"}],"wp:attachment":[{"href":"https:\/\/obscom.intervozes.org.br\/index.php?rest_route=%2Fwp%2Fv2%2Fmedia&parent=23850"}],"wp:term":[{"taxonomy":"category","embeddable":true,"href":"https:\/\/obscom.intervozes.org.br\/index.php?rest_route=%2Fwp%2Fv2%2Fcategories&post=23850"},{"taxonomy":"post_tag","embeddable":true,"href":"https:\/\/obscom.intervozes.org.br\/index.php?rest_route=%2Fwp%2Fv2%2Ftags&post=23850"}],"curies":[{"name":"wp","href":"https:\/\/api.w.org\/{rel}","templated":true}]}}