{"id":23834,"date":"2010-01-19T18:00:58","date_gmt":"2010-01-19T18:00:58","guid":{"rendered":"https:\/\/obscom.intervozes.org.br\/wordpress\/?p=23834"},"modified":"2010-01-19T18:00:58","modified_gmt":"2010-01-19T18:00:58","slug":"novo-secretario-de-comunicacoes-do-mexico-nega-renovacao-de-concessao-a-telmex","status":"publish","type":"post","link":"https:\/\/obscom.intervozes.org.br\/?p=23834","title":{"rendered":"Novo secret\u00e1rio de comunica\u00e7\u00f5es do M\u00e9xico nega renova\u00e7\u00e3o de concess\u00e3o \u00e0 Telmex"},"content":{"rendered":"<p><span class=\"padrao\">Ao contr&aacute;rio de seu antecessor Luis T&eacute;llez, o novo titular da Secretaria de Comunica&ccedil;&otilde;es e Transportes (SCT), Juan Molinar Horcasitas, n&atilde;o se comprometeu a renovar a concess&atilde;o de TV da operadora Telmex no M&eacute;xico. Segundo ele, ali&aacute;s, ainda n&atilde;o h&aacute; uma defini&ccedil;&atilde;o clara sobre a aloca&ccedil;&atilde;o do espectro 2,5 GHz. &quot;Nessa banda h&aacute; concess&otilde;es vencidas que devem voltar ao poder do Estado. Precisamos tamb&eacute;m reorganizar o espectro porque com a mudan&ccedil;a tecnol&oacute;gica ele se tornou muito mais produtivo do que h&aacute; 20 anos, per&iacute;odo da outorga das concess&otilde;es&quot;, explica. &quot;A reorganiza&ccedil;&atilde;o de um espectro n&atilde;o &eacute; um assunto trivial, mas um caso no qual se deve consertar um carro com o motor funcionando e faz&ecirc;-lo com cuidado, pois h&aacute; concess&otilde;es vencidas, outras por vencer e demais que est&atilde;o vigentes por um bom tempo&quot;, acrescenta.<\/p>\n<p>Horcasitas lembrou tamb&eacute;m que o espectro de 2,5 GHz foi inicialmente concedido para o fornecimento de servi&ccedil;os de televis&atilde;o via MMDS e evoluiu para o provimento de sinais de banda larga.<\/p>\n<p>A operadora Movistar (MVS) mant&eacute;m uma s&eacute;rie de lit&iacute;gios na justi&ccedil;a mexicana contra a decis&atilde;o da Comiss&atilde;o Federal de Telecomunica&ccedil;&otilde;es (Cofetel) de alterar sua posi&ccedil;&atilde;o original e negar a renova&ccedil;&atilde;o das frequ&ecirc;ncias vencidas de 2,5 GHz, por&eacute;m a SCT ainda n&atilde;o definiu se adotar&aacute; um modelo semelhante ao de outros pa&iacute;ses, onde essa banda foi segmentada e partes licitadas a outras operadoras, ou se atende a demanda da MVS e renova as licen&ccedil;as. <br \/><\/span><\/p>\n","protected":false},"excerpt":{"rendered":"<p>Ao contr&aacute;rio de seu antecessor Luis T&eacute;llez, o novo titular da Secretaria de Comunica&ccedil;&otilde;es e Transportes (SCT), Juan Molinar Horcasitas, n&atilde;o se comprometeu a renovar a concess&atilde;o de TV da operadora Telmex no M&eacute;xico. Segundo ele, ali&aacute;s, ainda n&atilde;o h&aacute; uma defini&ccedil;&atilde;o clara sobre a aloca&ccedil;&atilde;o do espectro 2,5 GHz. &quot;Nessa banda h&aacute; concess&otilde;es vencidas &hellip; <a href=\"https:\/\/obscom.intervozes.org.br\/?p=23834\" class=\"more-link\">Continue lendo <span class=\"screen-reader-text\">Novo secret\u00e1rio de comunica\u00e7\u00f5es do M\u00e9xico nega renova\u00e7\u00e3o de concess\u00e3o \u00e0 Telmex<\/span> <span class=\"meta-nav\">&rarr;<\/span><\/a><\/p>\n","protected":false},"author":1,"featured_media":0,"comment_status":"open","ping_status":"open","sticky":false,"template":"","format":"standard","meta":{"footnotes":""},"categories":[40],"tags":[81],"_links":{"self":[{"href":"https:\/\/obscom.intervozes.org.br\/index.php?rest_route=\/wp\/v2\/posts\/23834"}],"collection":[{"href":"https:\/\/obscom.intervozes.org.br\/index.php?rest_route=\/wp\/v2\/posts"}],"about":[{"href":"https:\/\/obscom.intervozes.org.br\/index.php?rest_route=\/wp\/v2\/types\/post"}],"author":[{"embeddable":true,"href":"https:\/\/obscom.intervozes.org.br\/index.php?rest_route=\/wp\/v2\/users\/1"}],"replies":[{"embeddable":true,"href":"https:\/\/obscom.intervozes.org.br\/index.php?rest_route=%2Fwp%2Fv2%2Fcomments&post=23834"}],"version-history":[{"count":0,"href":"https:\/\/obscom.intervozes.org.br\/index.php?rest_route=\/wp\/v2\/posts\/23834\/revisions"}],"wp:attachment":[{"href":"https:\/\/obscom.intervozes.org.br\/index.php?rest_route=%2Fwp%2Fv2%2Fmedia&parent=23834"}],"wp:term":[{"taxonomy":"category","embeddable":true,"href":"https:\/\/obscom.intervozes.org.br\/index.php?rest_route=%2Fwp%2Fv2%2Fcategories&post=23834"},{"taxonomy":"post_tag","embeddable":true,"href":"https:\/\/obscom.intervozes.org.br\/index.php?rest_route=%2Fwp%2Fv2%2Ftags&post=23834"}],"curies":[{"name":"wp","href":"https:\/\/api.w.org\/{rel}","templated":true}]}}