{"id":23833,"date":"2010-01-19T17:59:27","date_gmt":"2010-01-19T17:59:27","guid":{"rendered":"https:\/\/obscom.intervozes.org.br\/wordpress\/?p=23833"},"modified":"2010-01-19T17:59:27","modified_gmt":"2010-01-19T17:59:27","slug":"governo-kirchner-alerta-sobre-monopolio-em-telecomunicacoes","status":"publish","type":"post","link":"https:\/\/obscom.intervozes.org.br\/?p=23833","title":{"rendered":"Governo Kirchner alerta sobre monop\u00f3lio em Telecomunica\u00e7\u00f5es"},"content":{"rendered":"<p><span class=\"padrao\">O ministro do Planejamento Federal, Julio De Vido, bra&ccedil;o direito da presidente Cristina Kirchner na &aacute;rea econ&ocirc;mica, afirmou hoje que existe um &quot;monop&oacute;lio&quot; no mercado de telecomunica&ccedil;&otilde;es da Argentina. Por esse motivo, De Vido amea&ccedil;ou suspender a licen&ccedil;a de opera&ccedil;&atilde;o da Telecom Argentina, filial no pa&iacute;s da Telecom Italia. A empresa est&aacute; na mira do governo argentino desde o ano passado.<\/p>\n<p>Analistas de mercado ressaltam que a presidente Cristina pretende for&ccedil;ar a Telecom Italia a abandonar sua filial no pa&iacute;s, de forma a que esta possa ser adquirida por empres&aacute;rios argentinos amigos do governo.<\/p>\n<p>De Vido mostrou-se visivelmente irritado com a decis&atilde;o da Justi&ccedil;a argentina de anular temporariamente a ordem da Comiss&atilde;o Nacional de Defesa da Compet&ecirc;ncia &agrave; Telecom Italia para que esta venda suas a&ccedil;&otilde;es na filial argentina da Telecom. Desta forma, com a decis&atilde;o da Justi&ccedil;a, ocorrida na sexta-feira, fica suspenso o cronograma de desinvestimento que o governo argentino havia imposto h&aacute; duas semanas &agrave; empresa no pa&iacute;s.<\/p>\n<p>Nesse intervalo, a Justi&ccedil;a avaliar&aacute; se a entrada da espanhola Telef&oacute;nica na Telecom Italia, por interm&eacute;dio da empresa Telco, cria o risco de &quot;abuso do mercado&quot;, alertado por De Vido.<\/p>\n<p>O ministro considera que existe uma &quot;concentra&ccedil;&atilde;o monopolista&quot; no setor, j&aacute; que a Telef&oacute;nica poderia ter &quot;acesso &agrave; informa&ccedil;&atilde;o sens&iacute;vel e estrat&eacute;gica de seu principal concorrente na Argentina&quot;.<\/p>\n<p>A Telecom e a Telef&oacute;nica s&atilde;o as maiores operadoras de telefonia na Argentina desde a privatiza&ccedil;&atilde;o do setor implementando pelo governo do ex-presidente Carlos Menem, no in&iacute;cio dos anos 90.<\/p>\n<p>De Vido n&atilde;o descartou uma eventual reestatiza&ccedil;&atilde;o da Telecom Argentina. O ministro citou os casos anteriores do Correio Argentino, os ramais ferrovi&aacute;rios San Mart&iacute;n e Roca, a empresa &Aacute;guas Argentinas e a Aerol&iacute;neas Argentinas, reestatizadas nos &uacute;ltimos sete anos.<\/p>\n<p>Diversos empres&aacute;rios argentinos est&atilde;o de olho na eventual venda dos ativos da Telecom Argentina, entre os quais Eduardo Eurneki&aacute;n, dono da Aeroportos Argentina.<br \/><\/span><\/p>\n","protected":false},"excerpt":{"rendered":"<p>O ministro do Planejamento Federal, Julio De Vido, bra&ccedil;o direito da presidente Cristina Kirchner na &aacute;rea econ&ocirc;mica, afirmou hoje que existe um &quot;monop&oacute;lio&quot; no mercado de telecomunica&ccedil;&otilde;es da Argentina. Por esse motivo, De Vido amea&ccedil;ou suspender a licen&ccedil;a de opera&ccedil;&atilde;o da Telecom Argentina, filial no pa&iacute;s da Telecom Italia. A empresa est&aacute; na mira do &hellip; <a href=\"https:\/\/obscom.intervozes.org.br\/?p=23833\" class=\"more-link\">Continue lendo <span class=\"screen-reader-text\">Governo Kirchner alerta sobre monop\u00f3lio em Telecomunica\u00e7\u00f5es<\/span> <span class=\"meta-nav\">&rarr;<\/span><\/a><\/p>\n","protected":false},"author":1,"featured_media":0,"comment_status":"open","ping_status":"open","sticky":false,"template":"","format":"standard","meta":{"footnotes":""},"categories":[40],"tags":[81],"_links":{"self":[{"href":"https:\/\/obscom.intervozes.org.br\/index.php?rest_route=\/wp\/v2\/posts\/23833"}],"collection":[{"href":"https:\/\/obscom.intervozes.org.br\/index.php?rest_route=\/wp\/v2\/posts"}],"about":[{"href":"https:\/\/obscom.intervozes.org.br\/index.php?rest_route=\/wp\/v2\/types\/post"}],"author":[{"embeddable":true,"href":"https:\/\/obscom.intervozes.org.br\/index.php?rest_route=\/wp\/v2\/users\/1"}],"replies":[{"embeddable":true,"href":"https:\/\/obscom.intervozes.org.br\/index.php?rest_route=%2Fwp%2Fv2%2Fcomments&post=23833"}],"version-history":[{"count":0,"href":"https:\/\/obscom.intervozes.org.br\/index.php?rest_route=\/wp\/v2\/posts\/23833\/revisions"}],"wp:attachment":[{"href":"https:\/\/obscom.intervozes.org.br\/index.php?rest_route=%2Fwp%2Fv2%2Fmedia&parent=23833"}],"wp:term":[{"taxonomy":"category","embeddable":true,"href":"https:\/\/obscom.intervozes.org.br\/index.php?rest_route=%2Fwp%2Fv2%2Fcategories&post=23833"},{"taxonomy":"post_tag","embeddable":true,"href":"https:\/\/obscom.intervozes.org.br\/index.php?rest_route=%2Fwp%2Fv2%2Ftags&post=23833"}],"curies":[{"name":"wp","href":"https:\/\/api.w.org\/{rel}","templated":true}]}}