{"id":23832,"date":"2010-01-18T17:51:40","date_gmt":"2010-01-18T17:51:40","guid":{"rendered":"https:\/\/obscom.intervozes.org.br\/wordpress\/?p=23832"},"modified":"2010-01-18T17:51:40","modified_gmt":"2010-01-18T17:51:40","slug":"documento-da-conferencia-nacional-de-cultura-critica-monopolio-da-comunicacao","status":"publish","type":"post","link":"https:\/\/obscom.intervozes.org.br\/?p=23832","title":{"rendered":"Documento da Confer\u00eancia Nacional de Cultura critica &#8216;monop\u00f3lio da comunica\u00e7\u00e3o&#8217;"},"content":{"rendered":"<p><span class=\"padrao\">A 2&ordf; Confer&ecirc;ncia Nacional de Cultura, prevista para ocorrer entre os dias 11 e 14 de mar&ccedil;o deste ano, traz em seu texto base cr&iacute;ticas e propostas aos meios de comunica&ccedil;&atilde;o. Segundo informou o jornal O Estado de S.Paulo no &uacute;ltimo domingo (17), o documento sugere regionaliza&ccedil;&atilde;o de conte&uacute;do em emissoras de TV e r&aacute;dio e recha&ccedil;a a forma&ccedil;&atilde;o de grupos dominantes no setor.<\/p>\n<p>&quot;O monop&oacute;lio dos meios de comunica&ccedil;&atilde;o (m&iacute;dias) representa uma amea&ccedil;a &agrave; democracia e aos direitos humanos, onde a televis&atilde;o e o r&aacute;dio s&atilde;o os equipamentos de produ&ccedil;&atilde;o e distribui&ccedil;&atilde;o de bens simb&oacute;licos mais disseminados, e por isso cumprem fun&ccedil;&atilde;o relevante na vida cultural&quot;, diz o item 1.4 do texto, que aborda Cultura, Comunica&ccedil;&atilde;o e Democracia.<\/p>\n<p>O documento, ao defender a amplia&ccedil;&atilde;o dos conte&uacute;dos regionais em emissoras de comunica&ccedil;&atilde;o, cita a Carta Magma de 1988 como embasamento.<\/p>\n<p>&quot;T&atilde;o necess&aacute;rio quanto reater o v&iacute;nculo entre cultura e educa&ccedil;&atilde;o &eacute; integrar as pol&iacute;ticas culturais e de comunica&ccedil;&atilde;o. Nesse sentido, os f&oacute;runs de cultura devem unir-se na luta pela regulamenta&ccedil;&atilde;o dos artigos da Constitui&ccedil;&atilde;o Federal de 1988 relativos ao tema. Entre eles, o que obriga as emissoras de r&aacute;dio e televis&atilde;o a adaptar sua programa&ccedil;&atilde;o ao princ&iacute;pio da regionaliza&ccedil;&atilde;o da produ&ccedil;&atilde;o cultural, art&iacute;stica e jornal&iacute;stica, bem como o que estabelece a prefer&ecirc;ncia que deve ser dada &agrave;s finalidades educativas, art&iacute;sticas, culturais e informativas, &agrave; promo&ccedil;&atilde;o da cultura nacional e regional &agrave; produ&ccedil;&atilde;o independente&quot;, defende o artigo 221 da Confer&ecirc;ncia.<\/p>\n<p>O texto ainda cita que, embora sejam organizadas por meio de necessidade do mercado, as emissoras privadas do setor n&atilde;o devem ser &uacute;nicas e priorit&aacute;rios no pa&iacute;s. O documento da Confer&ecirc;ncia ocorre menos de um m&ecirc;s ap&oacute;s o governo gerar pol&ecirc;mica, com o Programa Nacional dos Direitos Humanos (PNDH) &#8211; com restri&ccedil;&otilde;es &agrave; imprensa &#8211; e a Confer&ecirc;ncia Nacional de Comunica&ccedil;&atilde;o.<\/p>\n<p>Segundo a secret&aacute;ria de Articula&ccedil;&atilde;o Institucional do Minist&eacute;rio da Cultura, Silvana Lumachi Meireles, os itens do texto base da Confer&ecirc;ncia seguem decis&otilde;es regionais e n&atilde;o h&aacute; raz&atilde;o para rea&ccedil;&otilde;es. &quot;N&atilde;o h&aacute; nenhum ponto pol&ecirc;mico, porque as propostas passaram pela an&aacute;lise de 2.992 munic&iacute;pios de todos os Estados que fizeram as suas confer&ecirc;ncias. Nesse universo representativo, esses temas n&atilde;o geraram pol&ecirc;mica&quot;, disse.<\/p>\n<p>Silvana tamb&eacute;m negou que o texto-base&nbsp; tenha por objetivo interferir no controle da m&iacute;dia do pa&iacute;s. Segundo ela, a pasta &quot;cumpre sua parte em atendimento &agrave; reivindica&ccedil;&atilde;o da sociedade civil&quot; e o documento se baseia &quot;no direito &agrave; informa&ccedil;&atilde;o e n&atilde;o de controle da liberdade&quot;. <\/span><\/p>\n","protected":false},"excerpt":{"rendered":"<p>A 2&ordf; Confer&ecirc;ncia Nacional de Cultura, prevista para ocorrer entre os dias 11 e 14 de mar&ccedil;o deste ano, traz em seu texto base cr&iacute;ticas e propostas aos meios de comunica&ccedil;&atilde;o. Segundo informou o jornal O Estado de S.Paulo no &uacute;ltimo domingo (17), o documento sugere regionaliza&ccedil;&atilde;o de conte&uacute;do em emissoras de TV e r&aacute;dio &hellip; <a href=\"https:\/\/obscom.intervozes.org.br\/?p=23832\" class=\"more-link\">Continue lendo <span class=\"screen-reader-text\">Documento da Confer\u00eancia Nacional de Cultura critica &#8216;monop\u00f3lio da comunica\u00e7\u00e3o&#8217;<\/span> <span class=\"meta-nav\">&rarr;<\/span><\/a><\/p>\n","protected":false},"author":1,"featured_media":0,"comment_status":"open","ping_status":"open","sticky":false,"template":"","format":"standard","meta":{"footnotes":""},"categories":[40],"tags":[1197],"_links":{"self":[{"href":"https:\/\/obscom.intervozes.org.br\/index.php?rest_route=\/wp\/v2\/posts\/23832"}],"collection":[{"href":"https:\/\/obscom.intervozes.org.br\/index.php?rest_route=\/wp\/v2\/posts"}],"about":[{"href":"https:\/\/obscom.intervozes.org.br\/index.php?rest_route=\/wp\/v2\/types\/post"}],"author":[{"embeddable":true,"href":"https:\/\/obscom.intervozes.org.br\/index.php?rest_route=\/wp\/v2\/users\/1"}],"replies":[{"embeddable":true,"href":"https:\/\/obscom.intervozes.org.br\/index.php?rest_route=%2Fwp%2Fv2%2Fcomments&post=23832"}],"version-history":[{"count":0,"href":"https:\/\/obscom.intervozes.org.br\/index.php?rest_route=\/wp\/v2\/posts\/23832\/revisions"}],"wp:attachment":[{"href":"https:\/\/obscom.intervozes.org.br\/index.php?rest_route=%2Fwp%2Fv2%2Fmedia&parent=23832"}],"wp:term":[{"taxonomy":"category","embeddable":true,"href":"https:\/\/obscom.intervozes.org.br\/index.php?rest_route=%2Fwp%2Fv2%2Fcategories&post=23832"},{"taxonomy":"post_tag","embeddable":true,"href":"https:\/\/obscom.intervozes.org.br\/index.php?rest_route=%2Fwp%2Fv2%2Ftags&post=23832"}],"curies":[{"name":"wp","href":"https:\/\/api.w.org\/{rel}","templated":true}]}}