{"id":23824,"date":"2010-01-15T17:36:08","date_gmt":"2010-01-15T17:36:08","guid":{"rendered":"https:\/\/obscom.intervozes.org.br\/wordpress\/?p=23824"},"modified":"2010-01-15T17:36:08","modified_gmt":"2010-01-15T17:36:08","slug":"tv-camara-transmitira-ao-vivo-reuniao-sobre-o-pndh-nesta-segunda-18","status":"publish","type":"post","link":"https:\/\/obscom.intervozes.org.br\/?p=23824","title":{"rendered":"TV C\u00e2mara transmitir\u00e1 ao vivo reuni\u00e3o sobre o PNDH nesta segunda (18)"},"content":{"rendered":"<p><strong>Reproduzido do site da C&acirc;mara&nbsp;<\/strong><\/p>\n<p>   \t \t \t \t \t<!-- \t\t@page { margin: 2cm } \t\tP { margin-bottom: 0.21cm } \t--> \t  <\/p>\n<p style=\"margin-bottom: 0cm\" class=\"western\">&nbsp;<\/p>\n<p style=\"margin-bottom: 0cm\" class=\"western\"><span class=\"padrao\">A TV C&acirc;mara transmitir&aacute; ao vivo a reuni&atilde;o p&uacute;blica sobre o 3&ordm; Programa Nacional de Direitos Humanos (PNDH-3), que ser&aacute; realizada na pr&oacute;xima segunda-feira (18), a partir de 15h, no plen&aacute;rio 9 do Anexo 2 da C&acirc;mara dos Deputados.<\/p>\n<p><\/span> <\/p>\n<p style=\"margin-bottom: 0cm\" class=\"western\"><span class=\"padrao\">A reuni&atilde;o &eacute; iniciativa da Comiss&atilde;o de Direitos Humanos e Minorias (CDHM) em parceria com o Movimento Nacional de Direitos Humanos (MNDH), o F&oacute;rum de Entidades Nacionais de Direitos Humanos (FENDH) e a Plataforma Dhesca Brasil, redes que, somadas, re&uacute;nem mais de quinhentas organiza&ccedil;&otilde;es da sociedade civil e movimentos sociais que atuam no campo dos direitos humanos e participaram de todo o processo de elabora&ccedil;&atilde;o do PNDH-3.<\/p>\n<p><\/span> <\/p>\n<p style=\"margin-bottom: 0cm\" class=\"padrao\">O deputado Pedro Wilson (PT-GO), vice-presidente da CDHM, coordenar&aacute; a reuni&atilde;o. Inicialmente, representantes do MNDH, do FENDH e da Plataforma Dhesca far&atilde;o exposi&ccedil;&otilde;es acerca do PNDH e da pol&ecirc;mica recente em torno do mesmo. Em seguida, a palavra ser&aacute; franqueada ao p&uacute;blico e demais entidades presentes. Por fim, ser&atilde;o respondidas eventuais d&uacute;vidas da imprensa.<\/p>\n<p style=\"margin-bottom: 0cm\" class=\"padrao\">Sintonize a TV C&acirc;mara em sua cidade ou assista &agrave; reuni&atilde;o pela Internet (www.camara.gov.br\/tv), na segunda-feira, a partir das 15h.<\/p>\n<p class=\"western\"><span class=\"padrao\"><\/p>\n<p><\/span> <\/p>\n<p class=\"western\"><strong>Mais informa&ccedil;&otilde;es:<\/strong><\/p>\n<p class=\"padrao\">Comiss&atilde;o de Direitos Humanos e Minorias<br \/>C&acirc;mara dos Deputados<br \/>Fone: (61) 3216.6570 \/ 3216.6578<br \/>E-mail: cdh@camara.gov.br<br \/>Site: www.camara.gov.br\/cdh<br \/>Twitter: http:\/\/twitter.com\/cdhcamara<br \/>Youtube: www.youtube.com\/cdhcamara<\/p>\n","protected":false},"excerpt":{"rendered":"<p>Reproduzido do site da C&acirc;mara&nbsp; &nbsp; A TV C&acirc;mara transmitir&aacute; ao vivo a reuni&atilde;o p&uacute;blica sobre o 3&ordm; Programa Nacional de Direitos Humanos (PNDH-3), que ser&aacute; realizada na pr&oacute;xima segunda-feira (18), a partir de 15h, no plen&aacute;rio 9 do Anexo 2 da C&acirc;mara dos Deputados. A reuni&atilde;o &eacute; iniciativa da Comiss&atilde;o de Direitos Humanos e &hellip; <a href=\"https:\/\/obscom.intervozes.org.br\/?p=23824\" class=\"more-link\">Continue lendo <span class=\"screen-reader-text\">TV C\u00e2mara transmitir\u00e1 ao vivo reuni\u00e3o sobre o PNDH nesta segunda (18)<\/span> <span class=\"meta-nav\">&rarr;<\/span><\/a><\/p>\n","protected":false},"author":1,"featured_media":0,"comment_status":"open","ping_status":"open","sticky":false,"template":"","format":"standard","meta":{"footnotes":""},"categories":[39],"tags":[],"_links":{"self":[{"href":"https:\/\/obscom.intervozes.org.br\/index.php?rest_route=\/wp\/v2\/posts\/23824"}],"collection":[{"href":"https:\/\/obscom.intervozes.org.br\/index.php?rest_route=\/wp\/v2\/posts"}],"about":[{"href":"https:\/\/obscom.intervozes.org.br\/index.php?rest_route=\/wp\/v2\/types\/post"}],"author":[{"embeddable":true,"href":"https:\/\/obscom.intervozes.org.br\/index.php?rest_route=\/wp\/v2\/users\/1"}],"replies":[{"embeddable":true,"href":"https:\/\/obscom.intervozes.org.br\/index.php?rest_route=%2Fwp%2Fv2%2Fcomments&post=23824"}],"version-history":[{"count":0,"href":"https:\/\/obscom.intervozes.org.br\/index.php?rest_route=\/wp\/v2\/posts\/23824\/revisions"}],"wp:attachment":[{"href":"https:\/\/obscom.intervozes.org.br\/index.php?rest_route=%2Fwp%2Fv2%2Fmedia&parent=23824"}],"wp:term":[{"taxonomy":"category","embeddable":true,"href":"https:\/\/obscom.intervozes.org.br\/index.php?rest_route=%2Fwp%2Fv2%2Fcategories&post=23824"},{"taxonomy":"post_tag","embeddable":true,"href":"https:\/\/obscom.intervozes.org.br\/index.php?rest_route=%2Fwp%2Fv2%2Ftags&post=23824"}],"curies":[{"name":"wp","href":"https:\/\/api.w.org\/{rel}","templated":true}]}}