{"id":23823,"date":"2010-01-15T17:13:28","date_gmt":"2010-01-15T17:13:28","guid":{"rendered":"https:\/\/obscom.intervozes.org.br\/wordpress\/?p=23823"},"modified":"2010-01-15T17:13:28","modified_gmt":"2010-01-15T17:13:28","slug":"com-culpa-no-cartorio-empresarios-da-comunicacao-atacam-pndh","status":"publish","type":"post","link":"https:\/\/obscom.intervozes.org.br\/?p=23823","title":{"rendered":"Com culpa no cart\u00f3rio, empres\u00e1rios da comunica\u00e7\u00e3o atacam PNDH"},"content":{"rendered":"<p>   \t \t \t \t \t<!-- \t\t@page { margin: 2cm } \t\tP { margin-bottom: 0.21cm } \t--> \t  <\/p>\n<p style=\"margin-bottom: 0cm\" class=\"padrao\">&Eacute; s&oacute; se falar em algum tipo de a&ccedil;&atilde;o da sociedade para evitar os abusos freq&uuml;entemente cometidos pelos meios de comunica&ccedil;&atilde;o que os seus controladores, imediatamente, pulam. Os gritos mais recentes s&atilde;o contra a proposta de cria&ccedil;&atilde;o de uma comiss&atilde;o governamental para acompanhar a produ&ccedil;&atilde;o das empresas do setor e estabelecer um ranking dos ve&iacute;culos &ldquo;comprometidos com os direitos humanos&rdquo;, contida no Programa Nacional dos Direitos Humanos lan&ccedil;ado no final do ano pelo governo. <\/p>\n<p>Em nota oficial, as entidades empresariais de comunica&ccedil;&atilde;o bateram na velha tecla da &ldquo;amea&ccedil;a &agrave; liberdade de express&atilde;o&rdquo;. S&atilde;o capazes de  afirmar que os direitos humanos &ldquo;est&atilde;o acima de qualquer questionamento&rdquo; para, em seguida, negar a possibilidade de um acompanhamento p&uacute;blico do respeito que eles dizem dedicar a esses direitos. Ora, se s&atilde;o t&atilde;o respeitosos com os direitos humanos, como afirmam, porque temem que a sociedade, atrav&eacute;s do governo, comprove na pr&aacute;tica esse comportamento.<\/p>\n<p>Parte da resposta est&aacute; em diversos programas veiculados diariamente por grande parte das emissoras de r&aacute;dio e televis&atilde;o do Brasil, violadores contumazes dos direitos humanos. &Eacute; a prova definitiva do cinismo com que s&atilde;o escritas essas notas oficiais assinadas pelas entidades patronais. <\/p>\n<p>Veja uma das frases do documento empresarial: &ldquo;A defesa e valoriza&ccedil;&atilde;o dos direitos humanos s&atilde;o parte essencial da democracia, nos termos da Constitui&ccedil;&atilde;o e de toda a legisla&ccedil;&atilde;o brasileira, e contam com nosso total compromisso e respaldo&rdquo;.<\/p>\n<p>E agora compare esse texto com o relato de dois telespectadores, a respeito de um tipo de programa, chamado policialesco, que prolifera em nosso pais. <\/p>\n<p>O primeiro de Salvador: <\/p>\n<p>&ldquo;H&aacute; cenas de pessoas mortas ou agonizando, ao vivo, com tiros recebidos na cabe&ccedil;a. H&aacute; casos de travestis quase nus se agredindo ou pessoas se agredindo com paus, pedras ou socos durante as reportagens&rdquo;.  <\/p>\n<p>Outro de Porto Alegre:<\/p>\n<p>&ldquo;Aqui no Rio Grande do Sul temos um exemplar desse tipo de programa tamb&eacute;m. &Eacute; apresentado por um sujeito bizarro que d&aacute; chineladas em uma mesa. Ele acompanha as a&ccedil;&otilde;es policiais, e d&atilde;o a ele o direito de humilhar e zombar das pessoas que s&atilde;o alvo de a&ccedil;&otilde;es policiais&rdquo;.<\/p>\n<p>Mas h&aacute; mais elementos concretos para tornar a nota oficial dos empres&aacute;rios uma pe&ccedil;a de fic&ccedil;&atilde;o. Basta ver como s&atilde;o tratados os negros nas telenovelas, os homossexuais nos programas de audit&oacute;rio e os pobres nos espet&aacute;culos policialescos acima mencionados.<\/p>\n<p>Para quem ainda n&atilde;o teve o desprazer de ver esse tipo de programa basta entrar na internet e no YouTube e clicar, por exemplo, em t&iacute;tulos como &ldquo;Se Liga Boc&atilde;o&rdquo;, da TV Itapo&atilde; ou &ldquo;Na Mira&rdquo;, da TV Aratu, ambas de Salvador. Ou ainda &ldquo;Bronca Pesada&rdquo; e &ldquo;Papeiro da Cinderela&rdquo;, da TV Jornal do Recife. Ou em muitos outros.<\/p>\n<p>&Eacute; esse desrespeito embrutecedor da sociedade brasileira que o Programa Nacional de Direitos Humanos quer coibir. E tal proposta n&atilde;o saiu da cabe&ccedil;a iluminada de qualquer ministro para ser imposta &agrave; sociedade. Ela &eacute; resultado de um longo per&iacute;odo de ac&uacute;mulo de conhecimento e de matura&ccedil;&atilde;o pol&iacute;tica. Basta lembrar que a 7a. Confer&ecirc;ncia Nacional dos Direitos Humanos, realizada em 2002, j&aacute; apontava a TV como um elemento violador desses direitos. Nasceu a&iacute; a campanha &ldquo;Quem financia a baixaria &eacute; contra a cidadania&rdquo;, at&eacute; hoje em atividade, apontando periodicamente os programas que, segundo o p&uacute;blico, mais violam os direitos humanos.<\/p>\n<p>Cabe ressaltar a preocupa&ccedil;&atilde;o que o Minist&eacute;rio P&uacute;blico tem tido com a quest&atilde;o. Acionado por entidades da sociedade civil o MP moveu a&ccedil;&atilde;o contra o programa do Jo&atilde;o Kleber, de car&aacute;ter claramente homof&oacute;bico, e conseguiu decis&atilde;o judicial suspendendo-o por um m&ecirc;s. <\/p>\n<p>E, no Recife, vale a pena reproduzir alguns trechos da A&ccedil;&atilde;o Civil P&uacute;blica assinada pelos promotores de Justi&ccedil;a Jecqueline Elihimas e Jos&eacute; Edivaldo da Silva sobre os programas pernambucanos acima citados. Dizem eles, em resumo: <\/p>\n<p>&quot;<em>O que se enxerga nos programas, que passam ao largo de uma leg&iacute;tima express&atilde;o art&iacute;stica, &eacute; apenas um enfoque bizarro tanto de situa&ccedil;&otilde;es do cotidiano ou dos pr&oacute;prios seres humanos, ali escolhidos para servirem de tro&ccedil;a aos telespectadores. Sob o manto dissimulado da com&eacute;dia, o que na verdade se v&ecirc; &eacute; a execra&ccedil;&atilde;o p&uacute;blica das pessoas humildes, de suas vidas privadas, de seu sofrimento e dramas pessoais. Dessa forma, tornam a realidade cruel, injusta, sofrida ou violenta de uma popula&ccedil;&atilde;o j&aacute; exclu&iacute;da, um motivo de zombaria para os que a assistem. O que se v&ecirc; &eacute; uma postura constante de veicula&ccedil;&atilde;o e propaga&ccedil;&atilde;o de id&eacute;ias preconceituosas, discriminat&oacute;rias e homof&oacute;bicas e que atentam claramente contra princ&iacute;pios constitucionais, em especial &agrave; dignidade humana<\/em>&quot;.<\/p>\n<p>S&atilde;o afirma&ccedil;&otilde;es que s&oacute; confirmam a pertin&ecirc;ncia e a aplica&ccedil;&atilde;o urgente do 3&ordm; Plano Nacional de Direitos Humanos, ainda que o empresariado que opera concess&otilde;es p&uacute;blicas de r&aacute;dio e TV grite e esperneie.<\/p>\n","protected":false},"excerpt":{"rendered":"<p>Aplica&ccedil;&atilde;o do Programa &eacute; necess&aacute;ria e urgente; exemplos de viola&ccedil;&otilde;es aos direitos humanos s&atilde;o di&aacute;rios <\/p>\n","protected":false},"author":1,"featured_media":0,"comment_status":"open","ping_status":"open","sticky":false,"template":"","format":"standard","meta":{"footnotes":""},"categories":[42],"tags":[56],"_links":{"self":[{"href":"https:\/\/obscom.intervozes.org.br\/index.php?rest_route=\/wp\/v2\/posts\/23823"}],"collection":[{"href":"https:\/\/obscom.intervozes.org.br\/index.php?rest_route=\/wp\/v2\/posts"}],"about":[{"href":"https:\/\/obscom.intervozes.org.br\/index.php?rest_route=\/wp\/v2\/types\/post"}],"author":[{"embeddable":true,"href":"https:\/\/obscom.intervozes.org.br\/index.php?rest_route=\/wp\/v2\/users\/1"}],"replies":[{"embeddable":true,"href":"https:\/\/obscom.intervozes.org.br\/index.php?rest_route=%2Fwp%2Fv2%2Fcomments&post=23823"}],"version-history":[{"count":0,"href":"https:\/\/obscom.intervozes.org.br\/index.php?rest_route=\/wp\/v2\/posts\/23823\/revisions"}],"wp:attachment":[{"href":"https:\/\/obscom.intervozes.org.br\/index.php?rest_route=%2Fwp%2Fv2%2Fmedia&parent=23823"}],"wp:term":[{"taxonomy":"category","embeddable":true,"href":"https:\/\/obscom.intervozes.org.br\/index.php?rest_route=%2Fwp%2Fv2%2Fcategories&post=23823"},{"taxonomy":"post_tag","embeddable":true,"href":"https:\/\/obscom.intervozes.org.br\/index.php?rest_route=%2Fwp%2Fv2%2Ftags&post=23823"}],"curies":[{"name":"wp","href":"https:\/\/api.w.org\/{rel}","templated":true}]}}