{"id":23821,"date":"2010-01-14T17:30:17","date_gmt":"2010-01-14T17:30:17","guid":{"rendered":"https:\/\/obscom.intervozes.org.br\/wordpress\/?p=23821"},"modified":"2010-01-14T17:30:17","modified_gmt":"2010-01-14T17:30:17","slug":"projeto-cria-contribuicao-financeira-para-radiodifusao-comunitaria","status":"publish","type":"post","link":"https:\/\/obscom.intervozes.org.br\/?p=23821","title":{"rendered":"Projeto cria contribui\u00e7\u00e3o financeira para radiodifus\u00e3o comunit\u00e1ria"},"content":{"rendered":"<p>   \t \t \t \t \t<!-- \t\t@page { margin: 2cm } \t\tP { margin-bottom: 0.21cm } \t--> \t  <\/p>\n<p style=\"margin-bottom: 0cm\" class=\"western\"><a name=\"conteudoNoticia1\" title=\"conteudoNoticia1\"><\/a> A C&acirc;mara analisa o <a href=\"http:\/\/www2.camara.gov.br\/internet\/proposicoes\/chamadaExterna.html?link=http:\/\/www.camara.gov.br\/internet\/sileg\/Prop_Detalhe.asp?id=452017\" target=\"_blank\">Projeto de Lei 6087\/09<\/a> , do deputado Edson Duarte (PV-BA), que cria a Contribui&ccedil;&atilde;o para o Desenvolvimento da Radiodifus&atilde;o Comunit&aacute;ria (Condetvc).<\/p>\n<p style=\"margin-bottom: 0cm\" class=\"western\">O objetivo &eacute; transferir parte da receita obtida pelas empresas privadas com a explora&ccedil;&atilde;o dos servi&ccedil;os de radiodifus&atilde;o e de telecomunica&ccedil;&atilde;o para financiar a produ&ccedil;&atilde;o comunit&aacute;ria realizada por meio de qualquer tecnologia de comunica&ccedil;&atilde;o.<\/p>\n<p style=\"margin-bottom: 0cm\" class=\"western\">Pela proposta, a contribui&ccedil;&atilde;o ser&aacute; cobrada anualmente com base no faturamento bruto das corpora&ccedil;&otilde;es, observando-se os seguintes percentuais:<br \/>&#8211; 0,5% para as emissoras de r&aacute;dio;<br \/>&#8211; 1,5% para as emissoras de televis&atilde;o;<br \/>&#8211; 3% para as empresas de telecomunica&ccedil;&atilde;o que utilizem meios que possam, efetiva ou potencialmente, distribuir conte&uacute;dos audiovisuais.<\/p>\n<p style=\"margin-bottom: 0cm\" class=\"western\"><strong>Pluralismo<\/strong><\/p>\n<p>O produto da arrecada&ccedil;&atilde;o da Condetvc ser&aacute; destinado ao Fundo Nacional da Cultura, para aplica&ccedil;&atilde;o exclusiva em atividades de fomento e de desenvolvimento de iniciativas comunit&aacute;rias de produ&ccedil;&atilde;o e distribui&ccedil;&atilde;o de conte&uacute;dos audiovisuais. O texto prev&ecirc; que, no m&iacute;nimo, 30% dos recursos sejam destinados a programas de r&aacute;dios e televis&otilde;es comunit&aacute;rias das regi&otilde;es Norte, Nordeste e Centro-Oeste. Segundo Edson Duarte, a expectativa &eacute; que a Condetvc gere uma receita anual de cerca de R$ 350 milh&otilde;es.<\/p>\n<p style=\"margin-bottom: 0cm\" class=\"western\">&quot;O fortalecimento dos canais comunit&aacute;rios contribuir&aacute; decisivamente para o pluralismo na comunica&ccedil;&atilde;o social, que &eacute; indispens&aacute;vel para a consolida&ccedil;&atilde;o da democracia&quot;, disse.<\/p>\n<p style=\"margin-bottom: 0cm\" class=\"western\"><strong>Tramita&ccedil;&atilde;o<\/strong><\/p>\n<p>O projeto, que tramita em car&aacute;ter conclusivo, ser&aacute; analisado pelas comiss&otilde;es de Ci&ecirc;ncia e Tecnologia; de Comunica&ccedil;&atilde;o e Inform&aacute;tica; de Finan&ccedil;as e Tributa&ccedil;&atilde;o; e de Constitui&ccedil;&atilde;o e Justi&ccedil;a e de Cidadania.<\/p>\n","protected":false},"excerpt":{"rendered":"<p>A C&acirc;mara analisa o Projeto de Lei 6087\/09 , do deputado Edson Duarte (PV-BA), que cria a Contribui&ccedil;&atilde;o para o Desenvolvimento da Radiodifus&atilde;o Comunit&aacute;ria (Condetvc). O objetivo &eacute; transferir parte da receita obtida pelas empresas privadas com a explora&ccedil;&atilde;o dos servi&ccedil;os de radiodifus&atilde;o e de telecomunica&ccedil;&atilde;o para financiar a produ&ccedil;&atilde;o comunit&aacute;ria realizada por meio de &hellip; <a href=\"https:\/\/obscom.intervozes.org.br\/?p=23821\" class=\"more-link\">Continue lendo <span class=\"screen-reader-text\">Projeto cria contribui\u00e7\u00e3o financeira para radiodifus\u00e3o comunit\u00e1ria<\/span> <span class=\"meta-nav\">&rarr;<\/span><\/a><\/p>\n","protected":false},"author":1,"featured_media":0,"comment_status":"open","ping_status":"open","sticky":false,"template":"","format":"standard","meta":{"footnotes":""},"categories":[40],"tags":[1194],"_links":{"self":[{"href":"https:\/\/obscom.intervozes.org.br\/index.php?rest_route=\/wp\/v2\/posts\/23821"}],"collection":[{"href":"https:\/\/obscom.intervozes.org.br\/index.php?rest_route=\/wp\/v2\/posts"}],"about":[{"href":"https:\/\/obscom.intervozes.org.br\/index.php?rest_route=\/wp\/v2\/types\/post"}],"author":[{"embeddable":true,"href":"https:\/\/obscom.intervozes.org.br\/index.php?rest_route=\/wp\/v2\/users\/1"}],"replies":[{"embeddable":true,"href":"https:\/\/obscom.intervozes.org.br\/index.php?rest_route=%2Fwp%2Fv2%2Fcomments&post=23821"}],"version-history":[{"count":0,"href":"https:\/\/obscom.intervozes.org.br\/index.php?rest_route=\/wp\/v2\/posts\/23821\/revisions"}],"wp:attachment":[{"href":"https:\/\/obscom.intervozes.org.br\/index.php?rest_route=%2Fwp%2Fv2%2Fmedia&parent=23821"}],"wp:term":[{"taxonomy":"category","embeddable":true,"href":"https:\/\/obscom.intervozes.org.br\/index.php?rest_route=%2Fwp%2Fv2%2Fcategories&post=23821"},{"taxonomy":"post_tag","embeddable":true,"href":"https:\/\/obscom.intervozes.org.br\/index.php?rest_route=%2Fwp%2Fv2%2Ftags&post=23821"}],"curies":[{"name":"wp","href":"https:\/\/api.w.org\/{rel}","templated":true}]}}