{"id":23819,"date":"2010-01-14T17:14:16","date_gmt":"2010-01-14T17:14:16","guid":{"rendered":"https:\/\/obscom.intervozes.org.br\/wordpress\/?p=23819"},"modified":"2010-01-14T17:14:16","modified_gmt":"2010-01-14T17:14:16","slug":"internet-banda-larga-podera-ter-avaliacao-periodica-de-qualidade","status":"publish","type":"post","link":"https:\/\/obscom.intervozes.org.br\/?p=23819","title":{"rendered":"Internet banda larga poder\u00e1 ter avalia\u00e7\u00e3o peri\u00f3dica de qualidade"},"content":{"rendered":"<p> \t \t \t \t<!-- \t\t@page { margin: 2cm } \t\tP { margin-bottom: 0.21cm } \t--> \t  <\/p>\n<p style=\"margin-bottom: 0cm\" class=\"western\"><span class=\"padrao\">A C&acirc;mara analisa o <a href=\"http:\/\/www2.camara.gov.br\/internet\/proposicoes\/chamadaExterna.html?link=http:\/\/www.camara.gov.br\/internet\/sileg\/Prop_Detalhe.asp?id=448947\" target=\"_blank\">Projeto de Lei 6006\/09<\/a> , do deputado Emanuel Fernandes (PSDB-SP), que cria o &Iacute;ndice de Qualidade de Acesso &agrave;s Redes Digitais. A proposta modifica a Lei Geral das Comunica&ccedil;&otilde;es (Lei 9472\/97) para estabelecer uma avalia&ccedil;&atilde;o peri&oacute;dica de servi&ccedil;os de acesso &agrave; internet.<\/p>\n<p><\/span> <\/p>\n<p style=\"margin-bottom: 0cm\" class=\"western\"><span class=\"padrao\">Pelo texto do projeto, caber&aacute; &agrave; Ag&ecirc;ncia Nacional de Telecomunica&ccedil;&otilde;es (Anatel) criar e regulamentar o &iacute;ndice proposto e promover a avalia&ccedil;&atilde;o peri&oacute;dica de requisitos, como robustez e seguran&ccedil;a da rede, continuidade dos servi&ccedil;os e fornecimento de sinais nos limites contratados.<\/p>\n<p><\/span> <\/p>\n<p style=\"margin-bottom: 0cm\" class=\"western\"><span class=\"padrao\">A proposta tamb&eacute;m obriga os prestadores de servi&ccedil;o de acesso &agrave;s redes digitais de banda larga a garantir ao assinante, em qualquer hor&aacute;rio, no m&iacute;nimo 50% da capacidade m&aacute;xima contratada.<\/p>\n<p><\/span> <\/p>\n<p style=\"margin-bottom: 0cm\" class=\"western\"><span class=\"padrao\"><strong>Servi&ccedil;os falhos<\/strong><\/p>\n<p>Emanuel Fernandes afirma que a comunica&ccedil;&atilde;o de dados no Pa&iacute;s est&aacute; muito aqu&eacute;m do que se espera. Ele cita as falhas verificadas na presta&ccedil;&atilde;o do servi&ccedil;o de banda larga da empresa Telef&ocirc;nica, de S&atilde;o Paulo, como exemplo dessa defici&ecirc;ncia. Entre os meses de julho e agosto de 2009, a Anatel suspendeu a venda do servi&ccedil;o depois que mais de 2 milh&otilde;es de consumidores paulistas sofreram com sucessivas quedas no fornecimento de sinal de acesso &agrave; internet.<\/p>\n<p><\/span> <\/p>\n<p style=\"margin-bottom: 0cm\" class=\"western\"><span class=\"padrao\">&quot;No Procon estadual, onde as empresas de telecomunica&ccedil;&otilde;es respondem por quase 40% das reclama&ccedil;&otilde;es, as queixas com rela&ccedil;&atilde;o &agrave; banda larga representaram 70% das reclama&ccedil;&otilde;es contra operadoras fixas e 60% no setor m&oacute;vel&quot;, afirma o deputado.<\/p>\n<p><\/span> <\/p>\n<p style=\"margin-bottom: 0cm\" class=\"western\"><span class=\"padrao\">Ele acrescenta que a qualidade e a confiabilidade das redes que d&atilde;o suporte &agrave; presta&ccedil;&atilde;o do servi&ccedil;o de banda larga, que &eacute; o segmento que mais cresce no Brasil, s&atilde;o fiscalizadas apenas com base em resolu&ccedil;&otilde;es da Anatel.<\/p>\n<p><\/span> <\/p>\n<p style=\"margin-bottom: 0cm\" class=\"western\"><span class=\"padrao\">A ideia do parlamentar, portanto, &eacute; incluir na Lei Geral das Comunica&ccedil;&otilde;es a previs&atilde;o expressa de cria&ccedil;&atilde;o de um &iacute;ndice para assegurar padr&otilde;es m&iacute;nimos de qualidade, com base em crit&eacute;rios t&eacute;cnicos e padr&otilde;es internacionais.<\/p>\n<p><\/span> <\/p>\n<p style=\"margin-bottom: 0cm\" class=\"western\"><span class=\"padrao\"><strong>Fiscaliza&ccedil;&atilde;o<\/strong><\/p>\n<p>Fernandes afirma que o &iacute;ndice tamb&eacute;m ser&aacute; importante para balizar a atua&ccedil;&atilde;o dos &oacute;rg&atilde;os de defesa do consumidor e do &oacute;rg&atilde;o regulador na fiscaliza&ccedil;&atilde;o de servi&ccedil;os de telecomunica&ccedil;&otilde;es digitais.<\/p>\n<p><\/span> <\/p>\n<p style=\"margin-bottom: 0cm\" class=\"western\"><span class=\"padrao\">&quot;Uma das principais queixas nos Procons &eacute; a oferta do servi&ccedil;o em &iacute;ndices abaixo dos contratados, raz&atilde;o pela qual, al&eacute;m da cria&ccedil;&atilde;o do &iacute;ndice, estamos propondo a fixa&ccedil;&atilde;o de um limite de velocidade que n&atilde;o deve ser inferior a 50%, em nenhuma hip&oacute;tese, &agrave; taxa de transmiss&atilde;o contratada&quot;, explica.<\/p>\n<p><\/span> <\/p>\n<p style=\"margin-bottom: 0cm\" class=\"western\"><span class=\"padrao\">Ainda de acordo com o autor, a cria&ccedil;&atilde;o de par&acirc;metros de qualidade para a banda larga ajudar&aacute; no debate sobre a classifica&ccedil;&atilde;o do servi&ccedil;o no Brasil. &quot;Um dos questionamentos recorrentes &eacute; quanto ao conceito de banda larga oferecida no Pa&iacute;s, que &eacute; considerada aquela acima de 64 Kbps, quando as normas internacionais estabelecem como banda larga apenas os sinais emitidos em velocidades superiores a 1 Mbps&quot;, exemplifica.<\/p>\n<p><\/span> <\/p>\n<p style=\"margin-bottom: 0cm\" class=\"western\"><span class=\"padrao\"><strong>Tramita&ccedil;&atilde;o<\/strong><\/p>\n<p>O projeto, que tramita em car&aacute;ter conclusivo, ser&aacute; analisado pelas comiss&otilde;es de Defesa do Consumidor; de Ci&ecirc;ncia e Tecnologia, Comunica&ccedil;&atilde;o e Inform&aacute;tica; e de Constitui&ccedil;&atilde;o e Justi&ccedil;a e de Cidadania.<\/span> <\/p>\n","protected":false},"excerpt":{"rendered":"<p>A C&acirc;mara analisa o Projeto de Lei 6006\/09 , do deputado Emanuel Fernandes (PSDB-SP), que cria o &Iacute;ndice de Qualidade de Acesso &agrave;s Redes Digitais. A proposta modifica a Lei Geral das Comunica&ccedil;&otilde;es (Lei 9472\/97) para estabelecer uma avalia&ccedil;&atilde;o peri&oacute;dica de servi&ccedil;os de acesso &agrave; internet. Pelo texto do projeto, caber&aacute; &agrave; Ag&ecirc;ncia Nacional de &hellip; <a href=\"https:\/\/obscom.intervozes.org.br\/?p=23819\" class=\"more-link\">Continue lendo <span class=\"screen-reader-text\">Internet banda larga poder\u00e1 ter avalia\u00e7\u00e3o peri\u00f3dica de qualidade<\/span> <span class=\"meta-nav\">&rarr;<\/span><\/a><\/p>\n","protected":false},"author":1,"featured_media":0,"comment_status":"open","ping_status":"open","sticky":false,"template":"","format":"standard","meta":{"footnotes":""},"categories":[40],"tags":[150],"_links":{"self":[{"href":"https:\/\/obscom.intervozes.org.br\/index.php?rest_route=\/wp\/v2\/posts\/23819"}],"collection":[{"href":"https:\/\/obscom.intervozes.org.br\/index.php?rest_route=\/wp\/v2\/posts"}],"about":[{"href":"https:\/\/obscom.intervozes.org.br\/index.php?rest_route=\/wp\/v2\/types\/post"}],"author":[{"embeddable":true,"href":"https:\/\/obscom.intervozes.org.br\/index.php?rest_route=\/wp\/v2\/users\/1"}],"replies":[{"embeddable":true,"href":"https:\/\/obscom.intervozes.org.br\/index.php?rest_route=%2Fwp%2Fv2%2Fcomments&post=23819"}],"version-history":[{"count":0,"href":"https:\/\/obscom.intervozes.org.br\/index.php?rest_route=\/wp\/v2\/posts\/23819\/revisions"}],"wp:attachment":[{"href":"https:\/\/obscom.intervozes.org.br\/index.php?rest_route=%2Fwp%2Fv2%2Fmedia&parent=23819"}],"wp:term":[{"taxonomy":"category","embeddable":true,"href":"https:\/\/obscom.intervozes.org.br\/index.php?rest_route=%2Fwp%2Fv2%2Fcategories&post=23819"},{"taxonomy":"post_tag","embeddable":true,"href":"https:\/\/obscom.intervozes.org.br\/index.php?rest_route=%2Fwp%2Fv2%2Ftags&post=23819"}],"curies":[{"name":"wp","href":"https:\/\/api.w.org\/{rel}","templated":true}]}}