{"id":23817,"date":"2010-01-14T16:53:03","date_gmt":"2010-01-14T16:53:03","guid":{"rendered":"https:\/\/obscom.intervozes.org.br\/wordpress\/?p=23817"},"modified":"2010-01-14T16:53:03","modified_gmt":"2010-01-14T16:53:03","slug":"ministerio-das-comunicacoes-investiga-redetv-por-possivel-pratica-de-multiprogramacao","status":"publish","type":"post","link":"https:\/\/obscom.intervozes.org.br\/?p=23817","title":{"rendered":"Minist\u00e9rio das Comunica\u00e7\u00f5es investiga RedeTV! por poss\u00edvel pr\u00e1tica de multiprograma\u00e7\u00e3o"},"content":{"rendered":"<p class=\"padrao\"><strong>Reproduzido do Portal IMPRENSA&nbsp;<\/strong><\/p>\n<p class=\"padrao\">&nbsp;<\/p>\n<p>   \t \t \t \t \t<!-- \t\t@page { margin: 2cm } \t\tP { margin-bottom: 0.21cm } \t--> \t  <\/p>\n<p style=\"margin-bottom: 0cm\" class=\"western\"><span class=\"padrao\">O Minist&eacute;rio das Comunica&ccedil;&otilde;es iniciou investiga&ccedil;&atilde;o contra a RedeTV! por poss&iacute;vel pr&aacute;tica de&nbsp;multiprograma&ccedil;&atilde;o na TV digital. Segundo informou o jornal O Estado de S. Paulo, a emissora mant&eacute;m grades diferentes em canais anal&oacute;gico e digital, o que &eacute; vetado pela legisla&ccedil;&atilde;o. <\/p>\n<p><\/span> <\/p>\n<p style=\"margin-bottom: 0cm\" class=\"western\"><span class=\"padrao\">Pela regra atual, no per&iacute;odo de transi&ccedil;&atilde;o do sistema anal&oacute;gico para o digital, as emissoras devem seguir&nbsp;programa&ccedil;&atilde;o simult&acirc;nea&nbsp;nas duas plataformas, incluindo os comerciais. O ve&iacute;culo estaria retransmitindo atra&ccedil;&otilde;es da casa no canal digital, nos hor&aacute;rios em que o meio anal&oacute;gico cede espa&ccedil;o a programas evang&eacute;licos, por meio de loca&ccedil;&atilde;o. <\/p>\n<p><\/span> <\/p>\n<p style=\"margin-bottom: 0cm\" class=\"padrao\">O Minist&eacute;rio abriu processo de apura&ccedil;&atilde;o de infraestrutura da emissora e poder&aacute; puni-la em caso de descumprimento comprovado das regras de multiprograma&ccedil;&atilde;o. At&eacute; o momento a emissora n&atilde;o se manifestou sobre o assunto.<\/p>\n<p style=\"margin-bottom: 0cm\" class=\"padrao\">&nbsp;<\/p>\n<p style=\"margin-bottom: 0cm\" class=\"padrao\">(Da Reda&ccedil;&atilde;o)&nbsp;<\/p>\n","protected":false},"excerpt":{"rendered":"<p>Reproduzido do Portal IMPRENSA&nbsp; &nbsp; O Minist&eacute;rio das Comunica&ccedil;&otilde;es iniciou investiga&ccedil;&atilde;o contra a RedeTV! por poss&iacute;vel pr&aacute;tica de&nbsp;multiprograma&ccedil;&atilde;o na TV digital. Segundo informou o jornal O Estado de S. Paulo, a emissora mant&eacute;m grades diferentes em canais anal&oacute;gico e digital, o que &eacute; vetado pela legisla&ccedil;&atilde;o. Pela regra atual, no per&iacute;odo de transi&ccedil;&atilde;o do sistema &hellip; <a href=\"https:\/\/obscom.intervozes.org.br\/?p=23817\" class=\"more-link\">Continue lendo <span class=\"screen-reader-text\">Minist\u00e9rio das Comunica\u00e7\u00f5es investiga RedeTV! por poss\u00edvel pr\u00e1tica de multiprograma\u00e7\u00e3o<\/span> <span class=\"meta-nav\">&rarr;<\/span><\/a><\/p>\n","protected":false},"author":1,"featured_media":0,"comment_status":"open","ping_status":"open","sticky":false,"template":"","format":"standard","meta":{"footnotes":""},"categories":[39],"tags":[],"_links":{"self":[{"href":"https:\/\/obscom.intervozes.org.br\/index.php?rest_route=\/wp\/v2\/posts\/23817"}],"collection":[{"href":"https:\/\/obscom.intervozes.org.br\/index.php?rest_route=\/wp\/v2\/posts"}],"about":[{"href":"https:\/\/obscom.intervozes.org.br\/index.php?rest_route=\/wp\/v2\/types\/post"}],"author":[{"embeddable":true,"href":"https:\/\/obscom.intervozes.org.br\/index.php?rest_route=\/wp\/v2\/users\/1"}],"replies":[{"embeddable":true,"href":"https:\/\/obscom.intervozes.org.br\/index.php?rest_route=%2Fwp%2Fv2%2Fcomments&post=23817"}],"version-history":[{"count":0,"href":"https:\/\/obscom.intervozes.org.br\/index.php?rest_route=\/wp\/v2\/posts\/23817\/revisions"}],"wp:attachment":[{"href":"https:\/\/obscom.intervozes.org.br\/index.php?rest_route=%2Fwp%2Fv2%2Fmedia&parent=23817"}],"wp:term":[{"taxonomy":"category","embeddable":true,"href":"https:\/\/obscom.intervozes.org.br\/index.php?rest_route=%2Fwp%2Fv2%2Fcategories&post=23817"},{"taxonomy":"post_tag","embeddable":true,"href":"https:\/\/obscom.intervozes.org.br\/index.php?rest_route=%2Fwp%2Fv2%2Ftags&post=23817"}],"curies":[{"name":"wp","href":"https:\/\/api.w.org\/{rel}","templated":true}]}}