{"id":23812,"date":"2010-01-12T18:23:12","date_gmt":"2010-01-12T18:23:12","guid":{"rendered":"https:\/\/obscom.intervozes.org.br\/wordpress\/?p=23812"},"modified":"2010-01-12T18:23:12","modified_gmt":"2010-01-12T18:23:12","slug":"band-e-globo-tem-assento-privilegiado-no-transporte-publico-de-sao-paulo","status":"publish","type":"post","link":"https:\/\/obscom.intervozes.org.br\/?p=23812","title":{"rendered":"Band e Globo t\u00eam assento privilegiado no transporte p\u00fablico de S\u00e3o Paulo"},"content":{"rendered":"<p>   \t \t \t \t \t<!-- \t\t@page { margin: 2cm } \t\tP { margin-bottom: 0.21cm } \t--> \t  <\/p>\n<p style=\"margin-bottom: 0cm\" class=\"padrao\">Quem j&aacute; usou transporte p&uacute;blico na cidade de S&atilde;o Paulo j&aacute; deve ter percebido em alguns &ocirc;nibus dois monitores de TV suspensos na parte esquerda dos ve&iacute;culos &#8211; antes e depois da catraca. O &quot;projeto&quot; das TVs m&oacute;veis existe desde 2007 e, atualmente, em um universo de 15 mil ve&iacute;culos municipais, 985 transmitem para os passageiros o conte&uacute;do centralizado por tr&ecirc;s empresas: a Bus M&iacute;dia TV, a BusTV e a TVO.<\/p>\n<p>Duas delas est&atilde;o ligadas a grandes grupos de&nbsp;comunica&ccedil;&atilde;o: a TVO faz parte do Band Outernet (pertencente ao grupo Bandeirantes), e a Bus M&iacute;dia transmite conte&uacute;do da Rede Globo, &ldquo;de qualidade reconhecida no Brasil e no mundo&rdquo;, avisa o site da empresa. A primeira opera em mais de 300 ve&iacute;culos, enquanto a segunda, em 500. Isso confere aos dois grupos de radiodifus&atilde;o citados mais de 80% de participa&ccedil;&atilde;o neste novo mercado. <\/p>\n<p>O conte&uacute;do global da Bus M&iacute;dia &eacute; composto por resumo das novelas da emissora; e mat&eacute;rias do Fant&aacute;stico, Jornal Nacional, Globo Rep&oacute;rter, &ldquo;dentre outros programas de grande credibilidade&rdquo;, acrescenta o site. A TV da Band, no entanto, passa conte&uacute;do espec&iacute;fico para essa m&iacute;dia: &ldquo;temos diferen&ccedil;as de p&uacute;blico e h&aacute;bitos em cada um dos modais do transporte urbano. Estas diferen&ccedil;as s&atilde;o consideradas na cria&ccedil;&atilde;o dos conte&uacute;dos&rdquo;, diz F&aacute;bio Ribeiro, diretor da TVO. <\/p>\n<p>A exibi&ccedil;&atilde;o da TVO &eacute; feita em programas de 1 hora que se repetem, com 18 minutos de publicidade, 18 minutos para informa&ccedil;&otilde;es da SPTrans (empresa que gerencia o servi&ccedil;o) e 24 minutos de informa&ccedil;&otilde;es e entretenimento.<\/p>\n<p><strong>Neg&oacute;cios<\/strong><\/p>\n<p>A m&iacute;dia m&oacute;vel tem sido anunciada como um espa&ccedil;o publicit&aacute;rio exclusivo: &ldquo;Em meio a essa programa&ccedil;&atilde;o [TV Globo], s&atilde;o comercializados espa&ccedil;os publicit&aacute;rios nos quais o anunciante &eacute; visualizado por mais de 7 milh&otilde;es de passageiros por m&ecirc;s na cidade de S&atilde;o Paulo, com grandes diferenciais: em um momento de m&iacute;nima dispers&atilde;o; em uma viagem muito mais agrad&aacute;vel para os passageiros&rdquo;, diz o site da Bus Midia. <\/p>\n<p>Al&eacute;m da TVO, a Band Outernet tamb&eacute;m possui a TV Minuto desde 2008 (transmitida nos trens do Metr&ocirc;) e a Next Midia. F&aacute;bio explica o interesse da Band pelas m&iacute;dias m&oacute;veis: &ldquo;O comportamento da audi&ecirc;ncia, principalmente nos grandes centros urbanos, vem se adaptando aos novos h&aacute;bitos e limita&ccedil;&otilde;es. As m&iacute;dias &ldquo;out-of-home&rdquo;   est&atilde;o cada vez mais presentes nas vidas destas pessoas. &Eacute; natural que um grupo de comunica&ccedil;&atilde;o com emissoras de TV, r&aacute;dios e jornais tamb&eacute;m atue neste segmento&rdquo;.<\/p>\n<p>Segundo a assessoria de imprensa da SPTrans, o objetivo at&eacute; o momento &eacute; oferecer informa&ccedil;&atilde;o e entretenimento para o usu&aacute;rio do sistema de transporte coletivo da cidade.&nbsp;Quanto &agrave; abertura para outros grupos produtores de conte&uacute;dos, novos credenciamentos podem ser feitos desde que haja interesse por parte das empresas ou cooperativas de &ocirc;nibus no servi&ccedil;o oferecido pela empresa de comunica&ccedil;&atilde;o. E tamb&eacute;m desde que os interessados arquem com os custos da instala&ccedil;&atilde;o do sistema, como os monitores de TV. N&atilde;o h&aacute; nenhum gasto por parte da Prefeitura. <\/p>\n<p><strong>Conte&uacute;do<\/strong><\/p>\n<p>As regras de programa&ccedil;&atilde;o s&atilde;o relativamente simples. Elas est&atilde;o na portaria SMT 61\/09 (de agosto do ano passado) da Secretaria Municipal de Transportes. As empresas dever&atilde;o disponibilizar a programa&ccedil;&atilde;o di&aacute;ria via link de internet, e a programa&ccedil;&atilde;o semanal gravada em DVD, com uma anteced&ecirc;ncia de cinco dias &uacute;teis. O conte&uacute;do deve ser autorizado pela SPTrans.<\/p>\n<p>Quanto ao conte&uacute;do, n&atilde;o &eacute; permitido veicula&ccedil;&atilde;o de mensagens pol&iacute;ticos partid&aacute;rias, que promovam a discrimina&ccedil;&atilde;o, o uso de armas, ou que induzam os usu&aacute;rios ao consumo de bebidas alco&oacute;licas e drogas, e nem informa&ccedil;&otilde;es que atentem contra a moral, os bons costumes e a dignidade da fam&iacute;lia (Art. 8&ordm; da portaria SMT 61\/09). <\/p>\n<p>Segundo a portaria, 30% da grade de programa&ccedil;&atilde;o da m&iacute;dia dentro dos &ocirc;nibus fica reservada para uso preferencial de mensagens de car&aacute;ter institucional, campanhas educativas e de utilidade p&uacute;blica, realizadas ou apoiadas pela prefeitura. Antes, essa cota era de 10%. Mesmo que o projeto exista desde 2007, s&oacute; em agosto passado foi estabelecido que &aacute;udio &eacute; proibido nas TVs m&oacute;veis. <\/p>\n<p><strong>TV ou &ldquo;M&iacute;dia Digital M&oacute;vel&rdquo;?<\/strong><\/p>\n<p>Quando surgiram em 2007 as TVs m&oacute;veis, a portaria fundadora do assunto (SMT 79\/07) dizia respeito &agrave; aprova&ccedil;&atilde;o de veicula&ccedil;&atilde;o, transmiss&atilde;o de dados e explora&ccedil;&atilde;o de mensagens publicit&aacute;rias na parte interna dos ve&iacute;culos, sem ser mais clara que isso sobre que aparelho afinal seria instalado. Em 2009, tivemos a Portaria 61\/09 &ndash; SMT, que &eacute; a vigente, e que iniciou o uso do termo &ldquo;programa&ccedil;&atilde;o televisiva&rdquo;.  <\/p>\n<p style=\"margin-bottom: 0cm\" class=\"padrao\">F&aacute;bio Ribeiro, diretor da TVO prefere o termo M&iacute;dia Digital M&oacute;vel: &ldquo;Definitivamente n&atilde;o &eacute; uma TV. Tem outra linguagem, sem som, criada especialmente para a situa&ccedil;&atilde;o em que o p&uacute;blico est&aacute;, dentro do &ocirc;nibus se deslocando pela cidade&rdquo;. <\/p>\n<p><strong>Prolifera&ccedil;&atilde;o<\/strong><\/p>\n<p>Tamb&eacute;m existem TVs m&oacute;veis nos transportes p&uacute;blicos em outras cidades do pa&iacute;s. A BusTV, por exemplo, possui filial no Rio de Janeiro, e franquias em Salvador, Recife, Bras&iacute;lia, Belo Horizonte, Porto Alegre e Fortaleza. <\/p>\n<p><span>No Rio de Ja<\/span>neiro, o Departamento de Transportes Rodovi&aacute;rios (Detro) autorizou, em 22 de dezembro, a transmiss&atilde;o de programa&ccedil;&atilde;o da Rede Globo em &ocirc;nibus intermunicipais de todo o Estado. A emissora &eacute; a &uacute;nica que j&aacute; tem um planejamento dentro da nova tecnologia. Por enquanto s&oacute; a Via&ccedil;&atilde;o Rio Ita incorporou o sistema em 80 &ocirc;nibus das linhas &ldquo;Alc&acirc;ntara-Castelo&ldquo; e &ldquo;Alc&acirc;ntara-Botafogo&ldquo;.  <\/p>\n","protected":false},"excerpt":{"rendered":"<p>O servi&ccedil;o de m&iacute;dia m&oacute;vel existe em S&atilde;o Paulo desde 2007; Cerca de 80% da frota possui o servi&ccedil;o de duas empresas ligadas &agrave; Bandeirantes e a Globo<\/p>\n","protected":false},"author":1,"featured_media":0,"comment_status":"open","ping_status":"open","sticky":false,"template":"","format":"standard","meta":{"footnotes":""},"categories":[40],"tags":[1192],"_links":{"self":[{"href":"https:\/\/obscom.intervozes.org.br\/index.php?rest_route=\/wp\/v2\/posts\/23812"}],"collection":[{"href":"https:\/\/obscom.intervozes.org.br\/index.php?rest_route=\/wp\/v2\/posts"}],"about":[{"href":"https:\/\/obscom.intervozes.org.br\/index.php?rest_route=\/wp\/v2\/types\/post"}],"author":[{"embeddable":true,"href":"https:\/\/obscom.intervozes.org.br\/index.php?rest_route=\/wp\/v2\/users\/1"}],"replies":[{"embeddable":true,"href":"https:\/\/obscom.intervozes.org.br\/index.php?rest_route=%2Fwp%2Fv2%2Fcomments&post=23812"}],"version-history":[{"count":0,"href":"https:\/\/obscom.intervozes.org.br\/index.php?rest_route=\/wp\/v2\/posts\/23812\/revisions"}],"wp:attachment":[{"href":"https:\/\/obscom.intervozes.org.br\/index.php?rest_route=%2Fwp%2Fv2%2Fmedia&parent=23812"}],"wp:term":[{"taxonomy":"category","embeddable":true,"href":"https:\/\/obscom.intervozes.org.br\/index.php?rest_route=%2Fwp%2Fv2%2Fcategories&post=23812"},{"taxonomy":"post_tag","embeddable":true,"href":"https:\/\/obscom.intervozes.org.br\/index.php?rest_route=%2Fwp%2Fv2%2Ftags&post=23812"}],"curies":[{"name":"wp","href":"https:\/\/api.w.org\/{rel}","templated":true}]}}