{"id":23811,"date":"2010-01-12T17:12:19","date_gmt":"2010-01-12T17:12:19","guid":{"rendered":"https:\/\/obscom.intervozes.org.br\/wordpress\/?p=23811"},"modified":"2010-01-12T17:12:19","modified_gmt":"2010-01-12T17:12:19","slug":"confira-a-agenda-da-comunicacao-do-inicio-do-ano","status":"publish","type":"post","link":"https:\/\/obscom.intervozes.org.br\/?p=23811","title":{"rendered":"Confira a agenda da comunica\u00e7\u00e3o do in\u00edcio do ano"},"content":{"rendered":"<p>   \t \t \t \t \t<!-- \t\t@page { margin: 2cm } \t\tP { margin-bottom: 0.21cm } \t--> \t  <\/p>\n<p style=\"margin-bottom: 0cm\" class=\"padrao\">Apesar de o m&ecirc;s de janeiro n&atilde;o ser dos mais movimentados, na se&ccedil;&atilde;o <a href=\"content_categ.php?option=eventcal&amp;task=event&amp;id=23\" target=\"_blank\">Agenda<\/a>  deste Observat&oacute;rio voc&ecirc; confere importantes eventos da &aacute;rea de comunica&ccedil;&atilde;o. Deste e tamb&eacute;m dos pr&oacute;ximos meses. Veja, por exemplo, as atividades planejadas do F&oacute;rum Social Mundial (FSM) e do Congresso Brasileiro dos Estudantes de Comunica&ccedil;&atilde;o Social (Cobrecos).<\/p>\n<p>Essa edi&ccedil;&atilde;o descentralizada do FSM contar&aacute; com tr&ecirc;s atividades no Rio Grande do Sul: o Acampamento Internacional da Juventude, a I Feira Mundial de Economia Solid&aacute;ria e o F&oacute;rum Social 10 anos Grande Porto Alegre. Na Bahia, ter&aacute; o FSM Tem&aacute;tico-Bahia, que discutir&aacute; assuntos como racismo, emancipa&ccedil;&atilde;o da mulher, descoloniza&ccedil;&atilde;o do pensamento na Am&eacute;rica Latina e &Aacute;frica, reforma agr&aacute;ria, paz e solidariedade internacional.&nbsp;<\/p>\n<p style=\"margin-bottom: 0cm\" class=\"padrao\">&nbsp;<\/p>\n<p style=\"margin-bottom: 0cm\" class=\"padrao\">Os estudantes de comunica&ccedil;&atilde;o, reunidos no Cobrecos, tamb&eacute;m falar&atilde;o de Am&eacute;rica Latina, movimentos sociais no Brasil e resist&ecirc;ncia ao capitalismo e ao neoliberalismo, relacionando a m&iacute;dia a esses e outros assuntos que ser&atilde;o discutidos. <\/p>\n","protected":false},"excerpt":{"rendered":"<p>Apesar de o m&ecirc;s de janeiro n&atilde;o ser dos mais movimentados, na se&ccedil;&atilde;o Agenda deste Observat&oacute;rio voc&ecirc; confere importantes eventos da &aacute;rea de comunica&ccedil;&atilde;o. Deste e tamb&eacute;m dos pr&oacute;ximos meses. Veja, por exemplo, as atividades planejadas do F&oacute;rum Social Mundial (FSM) e do Congresso Brasileiro dos Estudantes de Comunica&ccedil;&atilde;o Social (Cobrecos). Essa edi&ccedil;&atilde;o descentralizada do &hellip; <a href=\"https:\/\/obscom.intervozes.org.br\/?p=23811\" class=\"more-link\">Continue lendo <span class=\"screen-reader-text\">Confira a agenda da comunica\u00e7\u00e3o do in\u00edcio do ano<\/span> <span class=\"meta-nav\">&rarr;<\/span><\/a><\/p>\n","protected":false},"author":1,"featured_media":0,"comment_status":"open","ping_status":"open","sticky":false,"template":"","format":"standard","meta":{"footnotes":""},"categories":[39],"tags":[],"_links":{"self":[{"href":"https:\/\/obscom.intervozes.org.br\/index.php?rest_route=\/wp\/v2\/posts\/23811"}],"collection":[{"href":"https:\/\/obscom.intervozes.org.br\/index.php?rest_route=\/wp\/v2\/posts"}],"about":[{"href":"https:\/\/obscom.intervozes.org.br\/index.php?rest_route=\/wp\/v2\/types\/post"}],"author":[{"embeddable":true,"href":"https:\/\/obscom.intervozes.org.br\/index.php?rest_route=\/wp\/v2\/users\/1"}],"replies":[{"embeddable":true,"href":"https:\/\/obscom.intervozes.org.br\/index.php?rest_route=%2Fwp%2Fv2%2Fcomments&post=23811"}],"version-history":[{"count":0,"href":"https:\/\/obscom.intervozes.org.br\/index.php?rest_route=\/wp\/v2\/posts\/23811\/revisions"}],"wp:attachment":[{"href":"https:\/\/obscom.intervozes.org.br\/index.php?rest_route=%2Fwp%2Fv2%2Fmedia&parent=23811"}],"wp:term":[{"taxonomy":"category","embeddable":true,"href":"https:\/\/obscom.intervozes.org.br\/index.php?rest_route=%2Fwp%2Fv2%2Fcategories&post=23811"},{"taxonomy":"post_tag","embeddable":true,"href":"https:\/\/obscom.intervozes.org.br\/index.php?rest_route=%2Fwp%2Fv2%2Ftags&post=23811"}],"curies":[{"name":"wp","href":"https:\/\/api.w.org\/{rel}","templated":true}]}}