{"id":23791,"date":"2010-01-06T19:06:18","date_gmt":"2010-01-06T19:06:18","guid":{"rendered":"https:\/\/obscom.intervozes.org.br\/wordpress\/?p=23791"},"modified":"2010-01-06T19:06:18","modified_gmt":"2010-01-06T19:06:18","slug":"sindicato-vai-entrar-com-acao-civil-publica-contra-boris-casoy","status":"publish","type":"post","link":"https:\/\/obscom.intervozes.org.br\/?p=23791","title":{"rendered":"Sindicato vai entrar com a\u00e7\u00e3o civil p\u00fablica contra Boris Casoy"},"content":{"rendered":"<p>   \t \t \t \t \t<!-- \t\t@page { margin: 2cm } \t\tP { margin-bottom: 0.21cm } \t--> \t  <\/p>\n<p style=\"margin-bottom: 0cm\" class=\"western\"><span class=\"padrao\">O presidente do Sindicato dos Trabalhadores em Empresas de Presta&ccedil;&atilde;o de Servi&ccedil;os de Asseio e Conserva&ccedil;&atilde;o e Limpeza Urbana de S&atilde;o Paulo (Siemaco), Jos&eacute; Moacyr Malvino Pereira, afirmou que ir&aacute; entrar com uma a&ccedil;&atilde;o civil p&uacute;blica contra o jornalista Boris Casoy, por sua declara&ccedil;&atilde;o sobre o trabalho dos garis no Jornal da Band. &ldquo;Vamos entrar com uma a&ccedil;&atilde;o civil p&uacute;blica para que ele se retrate na Justi&ccedil;a. J&aacute; assinei a procura&ccedil;&atilde;o&rdquo;, declarou o presidente da entidade.<\/p>\n<p>O apresentador do Jornal da Band tem sido criticado desde o dia 31\/12, quando saiu no ar o &aacute;udio de uma declara&ccedil;&atilde;o sobre os garis que desejavam feliz ano novo. Ainda na vinheta do jornal, sem saber que seu microfone estava aberto, Casoy declarou: &quot;Quem&#8230; dois lixeiros desejando felicidades do alto das suas vassouras. Dois lixeiros&#8230; O mais baixo da escala de trabalho&quot;.<\/p>\n<p>No dia seguinte, no mesmo jornal, o apresentador pediu desculpas pela atitude. &ldquo;Ontem durante o intervalo do Jornal da Band, num vazamento de &aacute;udio, eu disse uma frase infeliz, por isso quero pedir profundas desculpas aos garis e aos telespectadores do Jornal da Band&rdquo;, disse.<\/p>\n<p>Nesta segunda-feira (04\/12), o Siemaco entregou na TV Bandeirantes uma carta de rep&uacute;dio a Boris Casoy. &ldquo;N&atilde;o aceitamos as desculpas do apresentador, que foram meramente formais ao ser pego ao manifestar o que pensa e que, infelizmente, refor&ccedil;a o preconceito de v&aacute;rios setores da sociedade contra os trabalhadores garis e varredores&#8230;&quot;<\/p>\n<p>A assessoria de imprensa da Band informou que o apresentador j&aacute; pediu desculpas em p&uacute;blico. A dire&ccedil;&atilde;o de jornalismo da emissora ainda n&atilde;o se manifestou sobre o caso.<\/span>  <\/p>\n","protected":false},"excerpt":{"rendered":"<p>O presidente do Sindicato dos Trabalhadores em Empresas de Presta&ccedil;&atilde;o de Servi&ccedil;os de Asseio e Conserva&ccedil;&atilde;o e Limpeza Urbana de S&atilde;o Paulo (Siemaco), Jos&eacute; Moacyr Malvino Pereira, afirmou que ir&aacute; entrar com uma a&ccedil;&atilde;o civil p&uacute;blica contra o jornalista Boris Casoy, por sua declara&ccedil;&atilde;o sobre o trabalho dos garis no Jornal da Band. &ldquo;Vamos entrar &hellip; <a href=\"https:\/\/obscom.intervozes.org.br\/?p=23791\" class=\"more-link\">Continue lendo <span class=\"screen-reader-text\">Sindicato vai entrar com a\u00e7\u00e3o civil p\u00fablica contra Boris Casoy<\/span> <span class=\"meta-nav\">&rarr;<\/span><\/a><\/p>\n","protected":false},"author":1,"featured_media":0,"comment_status":"open","ping_status":"open","sticky":false,"template":"","format":"standard","meta":{"footnotes":""},"categories":[40],"tags":[272],"_links":{"self":[{"href":"https:\/\/obscom.intervozes.org.br\/index.php?rest_route=\/wp\/v2\/posts\/23791"}],"collection":[{"href":"https:\/\/obscom.intervozes.org.br\/index.php?rest_route=\/wp\/v2\/posts"}],"about":[{"href":"https:\/\/obscom.intervozes.org.br\/index.php?rest_route=\/wp\/v2\/types\/post"}],"author":[{"embeddable":true,"href":"https:\/\/obscom.intervozes.org.br\/index.php?rest_route=\/wp\/v2\/users\/1"}],"replies":[{"embeddable":true,"href":"https:\/\/obscom.intervozes.org.br\/index.php?rest_route=%2Fwp%2Fv2%2Fcomments&post=23791"}],"version-history":[{"count":0,"href":"https:\/\/obscom.intervozes.org.br\/index.php?rest_route=\/wp\/v2\/posts\/23791\/revisions"}],"wp:attachment":[{"href":"https:\/\/obscom.intervozes.org.br\/index.php?rest_route=%2Fwp%2Fv2%2Fmedia&parent=23791"}],"wp:term":[{"taxonomy":"category","embeddable":true,"href":"https:\/\/obscom.intervozes.org.br\/index.php?rest_route=%2Fwp%2Fv2%2Fcategories&post=23791"},{"taxonomy":"post_tag","embeddable":true,"href":"https:\/\/obscom.intervozes.org.br\/index.php?rest_route=%2Fwp%2Fv2%2Ftags&post=23791"}],"curies":[{"name":"wp","href":"https:\/\/api.w.org\/{rel}","templated":true}]}}