{"id":23778,"date":"2009-12-23T12:50:12","date_gmt":"2009-12-23T12:50:12","guid":{"rendered":"https:\/\/obscom.intervozes.org.br\/wordpress\/?p=23778"},"modified":"2009-12-23T12:50:12","modified_gmt":"2009-12-23T12:50:12","slug":"ebc-inicia-implantacao-do-operador-de-rede-publica-em-2010","status":"publish","type":"post","link":"https:\/\/obscom.intervozes.org.br\/?p=23778","title":{"rendered":"EBC inicia implanta\u00e7\u00e3o do Operador de Rede P\u00fablica em 2010"},"content":{"rendered":"<p><span class=\"padrao\"><strong>Reproduzido da Federan&ccedil;&atilde;o Nacional dos Jornalistas <\/strong><\/p>\n<p>Com financiamento do BNDES, a Empresa Brasil de Comunica&ccedil;&atilde;o (EBC) projeta para 2010 o in&iacute;cio da implanta&ccedil;&atilde;o do Operador de Rede Digital P&uacute;blica. A empresa realizar&aacute; consulta p&uacute;blica sobre o edital de licita&ccedil;&atilde;o do projeto, que foi apresentado num workshop realizado no Rio de janeiro no dia 10 de dezembro e dever&aacute; ser viabilizado por interm&eacute;dio de uma Parceria P&uacute;blico-Privada (PPP).<\/p>\n<p>O Operador de Rede Digital P&uacute;blica ser&aacute; uma plantaforma de transmiss&otilde;es em sistema digital disponibilizada a todas as emissoras p&uacute;blicas e estatais federais. Com isso, estar&atilde;o dadas as condi&ccedil;&otilde;es operacionais para a Rede Nacional de Comunica&ccedil;&atilde;o P&uacute;blica, prevista na lei que criou a EBC.<\/p>\n<p>A plataforma ser&aacute; disponibilizada para as transmiss&otilde;es digitais das TVs legislativas (C&acirc;mara e Senado), do Poder Executivo (NBR), do Judici&aacute;rio (TV Justi&ccedil;a), da TV Brasil), da pr&oacute;pria EBC e de novas redes estatais previstas pelo decreto da TV Digital: Canal da Educa&ccedil;&atilde;o (MEC), Canal da Cultura (Minc) e Rede da Cidadania (canais que ser&atilde;o geridos pelo Minist&eacute;rio das Comunica&ccedil;&otilde;es). Televis&otilde;es estaduais, como as educativas, tamb&eacute;m poder&atilde;o optar por integrar a plataforma, barateando custos e acelerando a migra&ccedil;&atilde;o para a nova tecnologia.<\/p>\n<p>Com financiamento do BNDES, deve ser constitu&iacute;da uma Parceria P&uacute;blico-Privada (PPP), com escolha da empresa parceira por interm&eacute;dio de licita&ccedil;&atilde;o prevista para 2010. Uma consulta p&uacute;blica sobre o edital ser&aacute; veiculada na internet pela EBC, que j&aacute; realizou uma primeira consulta, em fevereiro deste ano, sobre aspectos t&eacute;cnicos do projeto elaborado pelo professor Gunnar Benedicks J&uacute;nior, do Instituto Mackenzie de S&atilde;o Paulo.<br \/><\/span><\/p>\n","protected":false},"excerpt":{"rendered":"<p>Reproduzido da Federan&ccedil;&atilde;o Nacional dos Jornalistas Com financiamento do BNDES, a Empresa Brasil de Comunica&ccedil;&atilde;o (EBC) projeta para 2010 o in&iacute;cio da implanta&ccedil;&atilde;o do Operador de Rede Digital P&uacute;blica. A empresa realizar&aacute; consulta p&uacute;blica sobre o edital de licita&ccedil;&atilde;o do projeto, que foi apresentado num workshop realizado no Rio de janeiro no dia 10 de &hellip; <a href=\"https:\/\/obscom.intervozes.org.br\/?p=23778\" class=\"more-link\">Continue lendo <span class=\"screen-reader-text\">EBC inicia implanta\u00e7\u00e3o do Operador de Rede P\u00fablica em 2010<\/span> <span class=\"meta-nav\">&rarr;<\/span><\/a><\/p>\n","protected":false},"author":1,"featured_media":0,"comment_status":"open","ping_status":"open","sticky":false,"template":"","format":"standard","meta":{"footnotes":""},"categories":[39],"tags":[],"_links":{"self":[{"href":"https:\/\/obscom.intervozes.org.br\/index.php?rest_route=\/wp\/v2\/posts\/23778"}],"collection":[{"href":"https:\/\/obscom.intervozes.org.br\/index.php?rest_route=\/wp\/v2\/posts"}],"about":[{"href":"https:\/\/obscom.intervozes.org.br\/index.php?rest_route=\/wp\/v2\/types\/post"}],"author":[{"embeddable":true,"href":"https:\/\/obscom.intervozes.org.br\/index.php?rest_route=\/wp\/v2\/users\/1"}],"replies":[{"embeddable":true,"href":"https:\/\/obscom.intervozes.org.br\/index.php?rest_route=%2Fwp%2Fv2%2Fcomments&post=23778"}],"version-history":[{"count":0,"href":"https:\/\/obscom.intervozes.org.br\/index.php?rest_route=\/wp\/v2\/posts\/23778\/revisions"}],"wp:attachment":[{"href":"https:\/\/obscom.intervozes.org.br\/index.php?rest_route=%2Fwp%2Fv2%2Fmedia&parent=23778"}],"wp:term":[{"taxonomy":"category","embeddable":true,"href":"https:\/\/obscom.intervozes.org.br\/index.php?rest_route=%2Fwp%2Fv2%2Fcategories&post=23778"},{"taxonomy":"post_tag","embeddable":true,"href":"https:\/\/obscom.intervozes.org.br\/index.php?rest_route=%2Fwp%2Fv2%2Ftags&post=23778"}],"curies":[{"name":"wp","href":"https:\/\/api.w.org\/{rel}","templated":true}]}}