{"id":23769,"date":"2009-12-18T18:07:34","date_gmt":"2009-12-18T18:07:34","guid":{"rendered":"https:\/\/obscom.intervozes.org.br\/wordpress\/?p=23769"},"modified":"2009-12-18T18:07:34","modified_gmt":"2009-12-18T18:07:34","slug":"confecom-rejeita-fust-para-telebras-e-separacao-estrutural-das-redes-das-teles","status":"publish","type":"post","link":"https:\/\/obscom.intervozes.org.br\/?p=23769","title":{"rendered":"Confecom rejeita Fust para Telebr\u00e1s e separa\u00e7\u00e3o estrutural das redes das teles"},"content":{"rendered":"<p>   \t \t \t \t \t<!-- \t\t@page { margin: 2cm } \t\tP { margin-bottom: 0.21cm } \t--> \t   <\/p>\n<p style=\"margin-top: 0.49cm; margin-bottom: 0.49cm; line-height: 100%\" class=\"western\"> <span class=\"padrao\">As propostas que est&atilde;o indo a voto na 1&ordf; Confer&ecirc;ncia Nacional de Comunica&ccedil;&atilde;o (Confecom) batizadas por &ldquo;temas sens&iacute;veis&rdquo; est&atilde;o contrabalan&ccedil;ando derrotas e vit&oacute;rias entre os empres&aacute;rios de telecomunica&ccedil;&otilde;es e de radiodifus&atilde;o e representantes dos movimentos sociais. Com a presen&ccedil;a de metade dos votantes &ndash; pouco mais de 800 votos por item, para a previs&atilde;o de 1.689 delegados &ndash; os grupos precisam ter 60% dos votos v&aacute;lidos para que uma de suas teses sejam aprovadas pela plen&aacute;ria.<\/p>\n<p>Assim, o empresariado conseguiu derrubar a proposta de separa&ccedil;&atilde;o estrutural das redes e o fortalecimento da Telebr&aacute;s com recursos do Fust (Fundo de Universaliza&ccedil;&atilde;o dos Servi&ccedil;os de Telecomunica&ccedil;&otilde;es). Em contrapartida o empresariado n&atilde;o conseguiu aprovar a proposta que previa a participa&ccedil;&atilde;o da iniciativa privada no Plano Nacional de Banda Larga, e dedu&ccedil;&atilde;o tribut&aacute;ria. Ou seja, caiu a emenda &ldquo;Carta do Guaruj&aacute;&rdquo;, aprovada no painel Telebrasil e que tem o apoio do Minist&eacute;rio das Comunica&ccedil;&otilde;es, e tamb&eacute;m foi rejeitada a emenda &ldquo;Telebr&aacute;s&rdquo;, que tem o apoio do Minist&eacute;rio do Planejamento.<\/span><\/p>\n","protected":false},"excerpt":{"rendered":"<p>As propostas que est&atilde;o indo a voto na 1&ordf; Confer&ecirc;ncia Nacional de Comunica&ccedil;&atilde;o (Confecom) batizadas por &ldquo;temas sens&iacute;veis&rdquo; est&atilde;o contrabalan&ccedil;ando derrotas e vit&oacute;rias entre os empres&aacute;rios de telecomunica&ccedil;&otilde;es e de radiodifus&atilde;o e representantes dos movimentos sociais. Com a presen&ccedil;a de metade dos votantes &ndash; pouco mais de 800 votos por item, para a previs&atilde;o de &hellip; <a href=\"https:\/\/obscom.intervozes.org.br\/?p=23769\" class=\"more-link\">Continue lendo <span class=\"screen-reader-text\">Confecom rejeita Fust para Telebr\u00e1s e separa\u00e7\u00e3o estrutural das redes das teles<\/span> <span class=\"meta-nav\">&rarr;<\/span><\/a><\/p>\n","protected":false},"author":1,"featured_media":0,"comment_status":"open","ping_status":"open","sticky":false,"template":"","format":"standard","meta":{"footnotes":""},"categories":[40],"tags":[1012],"_links":{"self":[{"href":"https:\/\/obscom.intervozes.org.br\/index.php?rest_route=\/wp\/v2\/posts\/23769"}],"collection":[{"href":"https:\/\/obscom.intervozes.org.br\/index.php?rest_route=\/wp\/v2\/posts"}],"about":[{"href":"https:\/\/obscom.intervozes.org.br\/index.php?rest_route=\/wp\/v2\/types\/post"}],"author":[{"embeddable":true,"href":"https:\/\/obscom.intervozes.org.br\/index.php?rest_route=\/wp\/v2\/users\/1"}],"replies":[{"embeddable":true,"href":"https:\/\/obscom.intervozes.org.br\/index.php?rest_route=%2Fwp%2Fv2%2Fcomments&post=23769"}],"version-history":[{"count":0,"href":"https:\/\/obscom.intervozes.org.br\/index.php?rest_route=\/wp\/v2\/posts\/23769\/revisions"}],"wp:attachment":[{"href":"https:\/\/obscom.intervozes.org.br\/index.php?rest_route=%2Fwp%2Fv2%2Fmedia&parent=23769"}],"wp:term":[{"taxonomy":"category","embeddable":true,"href":"https:\/\/obscom.intervozes.org.br\/index.php?rest_route=%2Fwp%2Fv2%2Fcategories&post=23769"},{"taxonomy":"post_tag","embeddable":true,"href":"https:\/\/obscom.intervozes.org.br\/index.php?rest_route=%2Fwp%2Fv2%2Ftags&post=23769"}],"curies":[{"name":"wp","href":"https:\/\/api.w.org\/{rel}","templated":true}]}}