{"id":23767,"date":"2009-12-18T18:00:21","date_gmt":"2009-12-18T18:00:21","guid":{"rendered":"https:\/\/obscom.intervozes.org.br\/wordpress\/?p=23767"},"modified":"2009-12-18T18:00:21","modified_gmt":"2009-12-18T18:00:21","slug":"vitoria-confecom-aprova-o-conselho-de-comunicacao","status":"publish","type":"post","link":"https:\/\/obscom.intervozes.org.br\/?p=23767","title":{"rendered":"Vit\u00f3ria: Confecom aprova o Conselho de Comunica\u00e7\u00e3o"},"content":{"rendered":"<p>   \t \t \t \t \t<!-- \t\t@page { margin: 2cm } \t\tH2 { margin-top: 0.35cm; margin-bottom: 0cm; color: #4f81bd; page-break-inside: avoid } \t\tH2.western { font-family: \"Cambria\", serif; font-size: 13pt } \t\tH2.cjk { font-family: \"Times New Roman\", serif; font-size: 13pt } \t\tH2.ctl { font-family: \"Times New Roman\", serif; font-size: 13pt } \t\tP { margin-bottom: 0.21cm } \t--><span class=\"padrao\">A Confer&ecirc;ncia Nacional de Comunica&ccedil;&atilde;o prop&ocirc;s nesta quarta-feira a cria&ccedil;&atilde;o de um Conselho Nacional de Comunica&ccedil;&atilde;o. Trata-de de uma vit&oacute;ria hist&oacute;rica.<\/span><span class=\"padrao\">&nbsp;<\/span><\/p>\n<p style=\"margin-bottom: 0.24cm; line-height: 0.56cm\" class=\"padrao\"><font color=\"#37332d\"><font size=\"2\">&nbsp;<br \/>&nbsp;A &quot;Globo&quot; e a &quot;Veja&quot; v&atilde;o dizer que o Brasil agora caminha para o chavismo! He, he. Azar deles. Quem mandou fugir do debate, e n&atilde;o participar da confer&ecirc;ncia. Em pa&iacute;ses capitalistas avan&ccedil;ados, h&aacute; &oacute;rg&acirc;os reguladores para impor limites aos abusos da m&iacute;dia. No Brasil, agora, h&aacute; mais chance de isso ocorrer.<\/font><\/font><font color=\"#37332d\"><font size=\"2\">&nbsp;<\/font><\/font><font color=\"#37332d\"><font size=\"2\"><br \/>&nbsp;<br \/>&nbsp;Os grandes meios de comunica&ccedil;&atilde;o temem qualquer forma de fiscaliza&ccedil;&atilde;o ou controle. Ali&aacute;s, a palavra &quot;controle&quot; &eacute; banida de todas as resolu&ccedil;&otilde;es aprovadas na Confecom, porque os empres&aacute;rios tem poder de veto &#8211; como j&aacute; expliquei em outros textos.<\/font><\/font><font color=\"#37332d\"><font size=\"2\">&nbsp;<\/font><\/font><font color=\"#37332d\"><font size=\"2\"><br \/>&nbsp;<br \/>&nbsp;Mas depois de muita negocia&ccedil;&atilde;o, a confer&ecirc;ncia conseguiu aprovar a proposta de se criar o tal Conselho. Isso agora (como quase tudo que &eacute; aprovado na Confecom) depende da press&atilde;o social para ser votado no Congresso Nacional. Mas, com a chancela da Confecom, fica mais f&aacute;cil criar o Conselho &#8211; que deve ter representantes da sociedade, dos empres&aacute;rios e do setor p&uacute;blicio.<\/font><\/font><font color=\"#37332d\"><font size=\"2\">&nbsp;<\/font><\/font><font color=\"#37332d\"><font size=\"2\"><br \/>&nbsp;<br \/>&nbsp;Boa parte do dia em Brasilia foi gasta com debates nos chamados GTs (grupos de trabalho). Cada um debateu um tema espec&iacute;fico. Tomei parte do GT 13, que debateu &quot;&oacute;rg&atilde;os reguladores&quot;. Nesse meu grupo, havia uma &oacute;tima proposta em pauta, para se criar um Conselho de Comunica&ccedil;&atilde;o abrangente, com car&aacute;ter deliberativo, e que tivesse o papel de fiscalizar e regulamentar a &aacute;rea. Mas o setor empresarial (grupo Bandeirantes &agrave; frente) vetou a proposta. Depois de muita negocia&ccedil;&atilde;o, aceitou uma proposta bem seca, sem detalhar atribui&ccedil;&otilde;es do conselho.<\/font><\/font><font color=\"#37332d\"><font size=\"2\">&nbsp;<\/font><\/font><font color=\"#37332d\"><font size=\"2\"><br \/>&nbsp;<br \/>&nbsp;Mas em outro GT da confer&ecirc;ncia, o Conselho foi aprovado com um texto mais bem elaborado. E o melhor: foi aprovado por unanimidade. Ou seja, a id&eacute;ia do Conselho nem pecisa passar pela Plen&aacute;ria Final da Confecom. J&aacute; virou resolu&ccedil;&atilde;o, direto!<\/font><\/font><font color=\"#37332d\"><font size=\"2\">&nbsp;<\/font><\/font><font color=\"#37332d\"><font size=\"2\"><br \/>&nbsp;<br \/>&nbsp;Nesta quinta, na Plen&aacute;ria, acontecer&atilde;o outros embates. A bancada empresarial &eacute; grande (40% dos delegados) e coesa. Com exce&ccedil;&atilde;o de um pequeno grupo de 20 empres&aacute;rios de pequeno porte, do qual fa&ccedil;o parte como delegado eleito, e que costuma votar nas teses mais avan&ccedil;adas defendidas pelo movimento social.<\/font><\/font><\/p>\n<p style=\"margin-bottom: 0cm; line-height: 0.56cm\" class=\"padrao\">&nbsp;<\/p>\n","protected":false},"excerpt":{"rendered":"<p>A Confer&ecirc;ncia Nacional de Comunica&ccedil;&atilde;o prop&ocirc;s nesta quarta-feira a cria&ccedil;&atilde;o de um Conselho Nacional de Comunica&ccedil;&atilde;o. Trata-de de uma vit&oacute;ria hist&oacute;rica.&nbsp; &nbsp;&nbsp;A &quot;Globo&quot; e a &quot;Veja&quot; v&atilde;o dizer que o Brasil agora caminha para o chavismo! He, he. Azar deles. Quem mandou fugir do debate, e n&atilde;o participar da confer&ecirc;ncia. Em pa&iacute;ses capitalistas avan&ccedil;ados, h&aacute; &hellip; <a href=\"https:\/\/obscom.intervozes.org.br\/?p=23767\" class=\"more-link\">Continue lendo <span class=\"screen-reader-text\">Vit\u00f3ria: Confecom aprova o Conselho de Comunica\u00e7\u00e3o<\/span> <span class=\"meta-nav\">&rarr;<\/span><\/a><\/p>\n","protected":false},"author":1,"featured_media":0,"comment_status":"open","ping_status":"open","sticky":false,"template":"","format":"standard","meta":{"footnotes":""},"categories":[40],"tags":[1012],"_links":{"self":[{"href":"https:\/\/obscom.intervozes.org.br\/index.php?rest_route=\/wp\/v2\/posts\/23767"}],"collection":[{"href":"https:\/\/obscom.intervozes.org.br\/index.php?rest_route=\/wp\/v2\/posts"}],"about":[{"href":"https:\/\/obscom.intervozes.org.br\/index.php?rest_route=\/wp\/v2\/types\/post"}],"author":[{"embeddable":true,"href":"https:\/\/obscom.intervozes.org.br\/index.php?rest_route=\/wp\/v2\/users\/1"}],"replies":[{"embeddable":true,"href":"https:\/\/obscom.intervozes.org.br\/index.php?rest_route=%2Fwp%2Fv2%2Fcomments&post=23767"}],"version-history":[{"count":0,"href":"https:\/\/obscom.intervozes.org.br\/index.php?rest_route=\/wp\/v2\/posts\/23767\/revisions"}],"wp:attachment":[{"href":"https:\/\/obscom.intervozes.org.br\/index.php?rest_route=%2Fwp%2Fv2%2Fmedia&parent=23767"}],"wp:term":[{"taxonomy":"category","embeddable":true,"href":"https:\/\/obscom.intervozes.org.br\/index.php?rest_route=%2Fwp%2Fv2%2Fcategories&post=23767"},{"taxonomy":"post_tag","embeddable":true,"href":"https:\/\/obscom.intervozes.org.br\/index.php?rest_route=%2Fwp%2Fv2%2Ftags&post=23767"}],"curies":[{"name":"wp","href":"https:\/\/api.w.org\/{rel}","templated":true}]}}