{"id":23763,"date":"2009-12-18T17:37:45","date_gmt":"2009-12-18T17:37:45","guid":{"rendered":"https:\/\/obscom.intervozes.org.br\/wordpress\/?p=23763"},"modified":"2009-12-18T17:37:45","modified_gmt":"2009-12-18T17:37:45","slug":"confecom-defende-criacao-de-conselhos-de-comunicacao-para-emissoras-publicas","status":"publish","type":"post","link":"https:\/\/obscom.intervozes.org.br\/?p=23763","title":{"rendered":"Confecom defende cria\u00e7\u00e3o de conselhos de comunica\u00e7\u00e3o para emissoras p\u00fablicas"},"content":{"rendered":"<p>   \t \t \t \t \t<!-- \t\t@page { margin: 2cm } \t\tP { margin-bottom: 0.21cm } \t--> \t  <\/p>\n<p style=\"margin-top: 0.49cm; margin-bottom: 0.49cm; line-height: 0.5cm\" class=\"western\"> <font color=\"#000000\"><font face=\"Verdana, sans-serif\">Por decis&atilde;o da maioria dos participantes da 1&ordf; Confecom (Confer&ecirc;ncia Nacional de Comunica&ccedil;&atilde;o), devem ser criados conselhos de comunica&ccedil;&atilde;o, nas emissoras p&uacute;blicas &#8211;formados por integrantes eleitos que acompanhar&atilde;o a execu&ccedil;&atilde;o das pol&iacute;ticas de interesse de toda a sociedade. A decis&atilde;o foi tomada hoje durante a vota&ccedil;&atilde;o dos temas mais pol&ecirc;micos.<\/p>\n<p>Tamb&eacute;m foi aprovada medida que define percentuais para a inclus&atilde;o de conte&uacute;dos educativos, regionais e independentes nas programa&ccedil;&otilde;es das emissoras de r&aacute;dio e televis&atilde;o.<\/p>\n<p>Para incentivar a integra&ccedil;&atilde;o do Brasil com os demais pa&iacute;ses latino-americanos, a Confecom aprovou, no &uacute;ltimo dia de debates, proposta que obriga os ve&iacute;culos de comunica&ccedil;&atilde;o a veicular conte&uacute;dos estrangeiros durante a programa&ccedil;&atilde;o, por&eacute;m com a tradu&ccedil;&atilde;o por dublagem, legenda ou simult&acirc;nea.<\/p>\n<p>Tamb&eacute;m foi aprovada proposta que determina a distribui&ccedil;&atilde;o de conte&uacute;dos produzidos, por meio de financiamento p&uacute;blico, de forma livre. Paralelamente deve ser estimulada a produ&ccedil;&atilde;o nacional, nas diversas m&iacute;dias, incluindo os independentes e regionais.<\/p>\n<p>As medidas aprovadas pela Confecom v&atilde;o ser avaliadas pelo Executivo, que ir&aacute; elaborar um documento final. A ideia &eacute; criar uma esp&eacute;cie de normatiza&ccedil;&atilde;o de pol&iacute;ticas p&uacute;blicas para a comunica&ccedil;&atilde;o englobando r&aacute;dio, televis&atilde;o, ve&iacute;culos impressos e digitais. Todas as propostas, definidas pelo Executivo, v&atilde;o ser enviadas ao legislativo.<\/p>\n<p>Desde segunda-feira, representantes dos setores privado, do poder p&uacute;blico e de v&aacute;rios segmentos da sociedade civil participam dos debates da Confecom, em Bras&iacute;lia.<\/font><\/font><\/p>\n","protected":false},"excerpt":{"rendered":"<p>Por decis&atilde;o da maioria dos participantes da 1&ordf; Confecom (Confer&ecirc;ncia Nacional de Comunica&ccedil;&atilde;o), devem ser criados conselhos de comunica&ccedil;&atilde;o, nas emissoras p&uacute;blicas &#8211;formados por integrantes eleitos que acompanhar&atilde;o a execu&ccedil;&atilde;o das pol&iacute;ticas de interesse de toda a sociedade. A decis&atilde;o foi tomada hoje durante a vota&ccedil;&atilde;o dos temas mais pol&ecirc;micos. Tamb&eacute;m foi aprovada medida que &hellip; <a href=\"https:\/\/obscom.intervozes.org.br\/?p=23763\" class=\"more-link\">Continue lendo <span class=\"screen-reader-text\">Confecom defende cria\u00e7\u00e3o de conselhos de comunica\u00e7\u00e3o para emissoras p\u00fablicas<\/span> <span class=\"meta-nav\">&rarr;<\/span><\/a><\/p>\n","protected":false},"author":1,"featured_media":0,"comment_status":"open","ping_status":"open","sticky":false,"template":"","format":"standard","meta":{"footnotes":""},"categories":[40],"tags":[1012],"_links":{"self":[{"href":"https:\/\/obscom.intervozes.org.br\/index.php?rest_route=\/wp\/v2\/posts\/23763"}],"collection":[{"href":"https:\/\/obscom.intervozes.org.br\/index.php?rest_route=\/wp\/v2\/posts"}],"about":[{"href":"https:\/\/obscom.intervozes.org.br\/index.php?rest_route=\/wp\/v2\/types\/post"}],"author":[{"embeddable":true,"href":"https:\/\/obscom.intervozes.org.br\/index.php?rest_route=\/wp\/v2\/users\/1"}],"replies":[{"embeddable":true,"href":"https:\/\/obscom.intervozes.org.br\/index.php?rest_route=%2Fwp%2Fv2%2Fcomments&post=23763"}],"version-history":[{"count":0,"href":"https:\/\/obscom.intervozes.org.br\/index.php?rest_route=\/wp\/v2\/posts\/23763\/revisions"}],"wp:attachment":[{"href":"https:\/\/obscom.intervozes.org.br\/index.php?rest_route=%2Fwp%2Fv2%2Fmedia&parent=23763"}],"wp:term":[{"taxonomy":"category","embeddable":true,"href":"https:\/\/obscom.intervozes.org.br\/index.php?rest_route=%2Fwp%2Fv2%2Fcategories&post=23763"},{"taxonomy":"post_tag","embeddable":true,"href":"https:\/\/obscom.intervozes.org.br\/index.php?rest_route=%2Fwp%2Fv2%2Ftags&post=23763"}],"curies":[{"name":"wp","href":"https:\/\/api.w.org\/{rel}","templated":true}]}}