{"id":23762,"date":"2009-12-18T17:35:42","date_gmt":"2009-12-18T17:35:42","guid":{"rendered":"https:\/\/obscom.intervozes.org.br\/wordpress\/?p=23762"},"modified":"2009-12-18T17:35:42","modified_gmt":"2009-12-18T17:35:42","slug":"confecom-determina-maior-fiscalizacao-sobre-financiamento-de-veiculos-de-comunicacao","status":"publish","type":"post","link":"https:\/\/obscom.intervozes.org.br\/?p=23762","title":{"rendered":"Confecom determina maior fiscaliza\u00e7\u00e3o sobre financiamento de ve\u00edculos de comunica\u00e7\u00e3o"},"content":{"rendered":"<p>   \t \t \t \t \t<!-- \t\t@page { margin: 2cm } \t\tP { margin-bottom: 0.21cm } \t--> \t  <\/p>\n<p style=\"margin-top: 0.49cm; margin-bottom: 0.49cm; line-height: 0.5cm\" class=\"western\"> <font color=\"#000000\"><font face=\"Verdana, sans-serif\">O uso de recursos p&uacute;blicos, os financiamentos e o cumprimento de obriga&ccedil;&otilde;es fiscais por parte dos meios de comunica&ccedil;&atilde;o dever&atilde;o ser regulamentados e ter participa&ccedil;&atilde;o popular. A decis&atilde;o foi tomada hoje, no &uacute;ltimo dia da 1&ordf; Confecom (Confer&ecirc;ncia Nacional de Comunica&ccedil;&atilde;o). O encontro come&ccedil;ou na &uacute;ltima segunda-feira, em Bras&iacute;lia, e discutiu os mais diversos temas. Os mais pol&ecirc;micos foram deixados para hoje.<\/p>\n<p>Por essa decis&atilde;o, ser&atilde;o criados mecanismos de fiscaliza&ccedil;&atilde;o para acompanhar o cumprimento das obriga&ccedil;&otilde;es fiscais e trabalhistas das emissoras e a elabora&ccedil;&atilde;o de conte&uacute;dos. O objetivo, de acordo com os participantes da Confecom, &eacute; assegurar a execu&ccedil;&atilde;o de programas educativos que visam &agrave; igualdade social e &agrave; justi&ccedil;a.<\/p>\n<p>Tamb&eacute;m foram aprovadas hoje propostas que garantem a cria&ccedil;&atilde;o de programas educativos destinados ao esclarecimento sobre os direitos das mulheres e o combate &agrave; viol&ecirc;ncia. Outra iniciativa j&aacute; aprovada &eacute; o est&iacute;mulo a programas como document&aacute;rios e notici&aacute;rios nas emissoras p&uacute;blicas de televis&atilde;o.<\/p>\n<p>Ontem os 15 grupos de trabalho tentaram fechar as propostas menos controversas e deixaram para hoje as que n&atilde;o obtiveram acordo. Cada grupo de trabalho, integrado por cerca de 100 membros, representa a sociedade civil, empres&aacute;rios e o Poder P&uacute;blico.<\/p>\n<p>Depois de aprovadas, as propostas seguem para o Executivo, que vai analisar e preparar um documento final. O objetivo &eacute; elaborar normas de pol&iacute;ticas p&uacute;blicas para a comunica&ccedil;&atilde;o &#8211;r&aacute;dio, televis&atilde;o, ve&iacute;culos impressos e digitais.<\/font><\/font><\/p>\n<p style=\"margin-top: 0.49cm; margin-bottom: 0.49cm; line-height: 0.5cm\" class=\"western\">\n","protected":false},"excerpt":{"rendered":"<p>O uso de recursos p&uacute;blicos, os financiamentos e o cumprimento de obriga&ccedil;&otilde;es fiscais por parte dos meios de comunica&ccedil;&atilde;o dever&atilde;o ser regulamentados e ter participa&ccedil;&atilde;o popular. A decis&atilde;o foi tomada hoje, no &uacute;ltimo dia da 1&ordf; Confecom (Confer&ecirc;ncia Nacional de Comunica&ccedil;&atilde;o). O encontro come&ccedil;ou na &uacute;ltima segunda-feira, em Bras&iacute;lia, e discutiu os mais diversos temas. &hellip; <a href=\"https:\/\/obscom.intervozes.org.br\/?p=23762\" class=\"more-link\">Continue lendo <span class=\"screen-reader-text\">Confecom determina maior fiscaliza\u00e7\u00e3o sobre financiamento de ve\u00edculos de comunica\u00e7\u00e3o<\/span> <span class=\"meta-nav\">&rarr;<\/span><\/a><\/p>\n","protected":false},"author":1,"featured_media":0,"comment_status":"open","ping_status":"open","sticky":false,"template":"","format":"standard","meta":{"footnotes":""},"categories":[40],"tags":[1012],"_links":{"self":[{"href":"https:\/\/obscom.intervozes.org.br\/index.php?rest_route=\/wp\/v2\/posts\/23762"}],"collection":[{"href":"https:\/\/obscom.intervozes.org.br\/index.php?rest_route=\/wp\/v2\/posts"}],"about":[{"href":"https:\/\/obscom.intervozes.org.br\/index.php?rest_route=\/wp\/v2\/types\/post"}],"author":[{"embeddable":true,"href":"https:\/\/obscom.intervozes.org.br\/index.php?rest_route=\/wp\/v2\/users\/1"}],"replies":[{"embeddable":true,"href":"https:\/\/obscom.intervozes.org.br\/index.php?rest_route=%2Fwp%2Fv2%2Fcomments&post=23762"}],"version-history":[{"count":0,"href":"https:\/\/obscom.intervozes.org.br\/index.php?rest_route=\/wp\/v2\/posts\/23762\/revisions"}],"wp:attachment":[{"href":"https:\/\/obscom.intervozes.org.br\/index.php?rest_route=%2Fwp%2Fv2%2Fmedia&parent=23762"}],"wp:term":[{"taxonomy":"category","embeddable":true,"href":"https:\/\/obscom.intervozes.org.br\/index.php?rest_route=%2Fwp%2Fv2%2Fcategories&post=23762"},{"taxonomy":"post_tag","embeddable":true,"href":"https:\/\/obscom.intervozes.org.br\/index.php?rest_route=%2Fwp%2Fv2%2Ftags&post=23762"}],"curies":[{"name":"wp","href":"https:\/\/api.w.org\/{rel}","templated":true}]}}