{"id":23761,"date":"2009-12-18T17:33:36","date_gmt":"2009-12-18T17:33:36","guid":{"rendered":"https:\/\/obscom.intervozes.org.br\/wordpress\/?p=23761"},"modified":"2009-12-18T17:33:36","modified_gmt":"2009-12-18T17:33:36","slug":"confecom-aprova-reducao-de-participacao-de-estrangeiros-em-empresas-de-comunicacao","status":"publish","type":"post","link":"https:\/\/obscom.intervozes.org.br\/?p=23761","title":{"rendered":"Confecom aprova redu\u00e7\u00e3o de participa\u00e7\u00e3o de estrangeiros em empresas de comunica\u00e7\u00e3o"},"content":{"rendered":"<p>   \t \t \t \t \t<!-- \t\t@page { margin: 2cm } \t\tP { margin-bottom: 0.21cm } \t--> \t  <\/p>\n<p style=\"margin-top: 0.49cm; margin-bottom: 0.49cm; line-height: 0.5cm\" class=\"western\"> <font color=\"#000000\"><font face=\"Verdana, sans-serif\">Participantes da 1&ordf; Confecom (Confer&ecirc;ncia Nacional de Comunica&ccedil;&atilde;o) aprovaram proposta que reduz de 30% para 10% a participa&ccedil;&atilde;o de estrangeiros em empresas nacionais de comunica&ccedil;&atilde;o. A ideia &eacute; alterar a Lei 10.610, de 2002.<\/p>\n<p>Outra proposta aprovada pro&iacute;be pol&iacute;ticos de exercer a fun&ccedil;&atilde;o de comunicador durante o mandato. A proposta prev&ecirc; que o candidato a um cargo eletivo se afaste da atividade de comunicador seis meses antes da elei&ccedil;&atilde;o.<\/p>\n<p>Os debates duraram tr&ecirc;s dias.<\/font><\/font><\/p>\n<p style=\"margin-top: 0.49cm; margin-bottom: 0.49cm; line-height: 0.5cm\" class=\"western\">\n","protected":false},"excerpt":{"rendered":"<p>Participantes da 1&ordf; Confecom (Confer&ecirc;ncia Nacional de Comunica&ccedil;&atilde;o) aprovaram proposta que reduz de 30% para 10% a participa&ccedil;&atilde;o de estrangeiros em empresas nacionais de comunica&ccedil;&atilde;o. A ideia &eacute; alterar a Lei 10.610, de 2002. Outra proposta aprovada pro&iacute;be pol&iacute;ticos de exercer a fun&ccedil;&atilde;o de comunicador durante o mandato. A proposta prev&ecirc; que o candidato a &hellip; <a href=\"https:\/\/obscom.intervozes.org.br\/?p=23761\" class=\"more-link\">Continue lendo <span class=\"screen-reader-text\">Confecom aprova redu\u00e7\u00e3o de participa\u00e7\u00e3o de estrangeiros em empresas de comunica\u00e7\u00e3o<\/span> <span class=\"meta-nav\">&rarr;<\/span><\/a><\/p>\n","protected":false},"author":1,"featured_media":0,"comment_status":"open","ping_status":"open","sticky":false,"template":"","format":"standard","meta":{"footnotes":""},"categories":[40],"tags":[1012],"_links":{"self":[{"href":"https:\/\/obscom.intervozes.org.br\/index.php?rest_route=\/wp\/v2\/posts\/23761"}],"collection":[{"href":"https:\/\/obscom.intervozes.org.br\/index.php?rest_route=\/wp\/v2\/posts"}],"about":[{"href":"https:\/\/obscom.intervozes.org.br\/index.php?rest_route=\/wp\/v2\/types\/post"}],"author":[{"embeddable":true,"href":"https:\/\/obscom.intervozes.org.br\/index.php?rest_route=\/wp\/v2\/users\/1"}],"replies":[{"embeddable":true,"href":"https:\/\/obscom.intervozes.org.br\/index.php?rest_route=%2Fwp%2Fv2%2Fcomments&post=23761"}],"version-history":[{"count":0,"href":"https:\/\/obscom.intervozes.org.br\/index.php?rest_route=\/wp\/v2\/posts\/23761\/revisions"}],"wp:attachment":[{"href":"https:\/\/obscom.intervozes.org.br\/index.php?rest_route=%2Fwp%2Fv2%2Fmedia&parent=23761"}],"wp:term":[{"taxonomy":"category","embeddable":true,"href":"https:\/\/obscom.intervozes.org.br\/index.php?rest_route=%2Fwp%2Fv2%2Fcategories&post=23761"},{"taxonomy":"post_tag","embeddable":true,"href":"https:\/\/obscom.intervozes.org.br\/index.php?rest_route=%2Fwp%2Fv2%2Ftags&post=23761"}],"curies":[{"name":"wp","href":"https:\/\/api.w.org\/{rel}","templated":true}]}}