{"id":23753,"date":"2009-12-16T17:08:51","date_gmt":"2009-12-16T17:08:51","guid":{"rendered":"https:\/\/obscom.intervozes.org.br\/wordpress\/?p=23753"},"modified":"2009-12-16T17:08:51","modified_gmt":"2009-12-16T17:08:51","slug":"representante-da-uit-defende-livre-concorrencia-para-avanco-das-telecomunicacoes","status":"publish","type":"post","link":"https:\/\/obscom.intervozes.org.br\/?p=23753","title":{"rendered":"Representante da UIT defende livre concorr\u00eancia para avan\u00e7o das telecomunica\u00e7\u00f5es"},"content":{"rendered":"\n<p class=\"padrao\">Em palestra no segundo dia da 1&ordf; Confer&ecirc;ncia Nacional de Comunica&ccedil;&atilde;o (1&ordf; Confecom), nesta ter&ccedil;a-feira, dia 16, em Bras&iacute;lia, o chefe do escrit&oacute;rio regional da Uni&atilde;o Internacional de Telecomunica&ccedil;&otilde;es (UIT) para as Am&eacute;ricas, Juan Zavattiero, defendeu a livre concorr&ecirc;ncia e marcos regulat&oacute;rios definidos como o melhor caminho para o desenvolvimento das telecomunica&ccedil;&otilde;es em todo o mundo. &nbsp; <\/p>\n<p>Criada em 1865, a UIT &eacute; a organiza&ccedil;&atilde;o mais antiga da ONU, com 194 estados membros e 700 representantes do setor e associados. Sua miss&atilde;o &eacute; levar os benef&iacute;cios das tecnologias de comunica&ccedil;&atilde;o para todos os habitantes do planeta. &nbsp;Quando a UIT nasceu, a comunica&ccedil;&atilde;o ainda era feita por tel&eacute;grafos, e a organiza&ccedil;&atilde;o atravessou a evolu&ccedil;&atilde;o tecnol&oacute;gica que se acelerou no final do s&eacute;culo 20. &ldquo;Na &uacute;ltima d&eacute;cada, a chegada de duas grandes inova&ccedil;&otilde;es tecnol&oacute;gicas &ndash; telefonia m&oacute;vel e internet &ndash; n&atilde;o mudou apenas a maneira de comunicar, mas tamb&eacute;m o crescimento econ&ocirc;mico ao n&iacute;vel global&rdquo;, afirmou Zavattiero.<\/p>\n<p>Segundo a UIT, mais de 4,5 bilh&otilde;es de pessoas t&ecirc;m acesso a telefone no mundo, volume atribu&iacute;do &agrave;s mudan&ccedil;as na tecnologia, como celular e internet. Zavattiero destacou a internet e os celulares de segunda e terceira gera&ccedil;&otilde;es como mercados competitivos e defendeu a abertura de mercado no setor.<\/p>\n<p>&ldquo;O setor privado tem mostrado boa vontade em oferecer servi&ccedil;os e os clientes a pagar por eles&rdquo;, disse Zavattiero, acrescentando que os custos destes servi&ccedil;os podem baixar sempre que o campo regulat&oacute;rio for bem definido. De acordo com dados da OIT, houve avan&ccedil;o significativo nos marcos regulat&oacute;rios das telecomunica&ccedil;&otilde;es. Em 1990, existiam apenas 14 &oacute;rg&atilde;o reguladores, contra 153 em 2009. &ldquo;Com esse avan&ccedil;o, o objetivo de atingir o servi&ccedil;o universal de voz, que parecia imposs&iacute;vel &nbsp;h&aacute; 10 anos, hoje em dia torna-se realidade&rdquo;, ressaltou.<\/p>\n<p>A sociedade da informa&ccedil;&atilde;o estabeleceu metas de promover a inclus&atilde;o digital at&eacute; 2015. Para Zavattiero, tal objetivo s&oacute; ser&aacute; alcan&ccedil;ado com a libera&ccedil;&atilde;o do mercado de telecomunica&ccedil;&otilde;es, estimulando investimentos. O representante da UIT disse que um ter&ccedil;o dos pa&iacute;ses n&atilde;o permite a livre concorr&ecirc;ncia no dom&iacute;nio das comunica&ccedil;&otilde;es internacionais de longa dist&acirc;ncia.<\/p>\n<p>Em rela&ccedil;&atilde;o &agrave;s Am&eacute;ricas, Zavattiero comentou que nos &uacute;ltimos cinco anos o n&uacute;mero de assinantes de telefonia celular mais do que dobrou. &ldquo;A telefonia m&oacute;vel interrompe o processo de exclus&atilde;o nas Am&eacute;ricas&rdquo;, afirmou.<\/p>\n<p>A Am&eacute;rica do Sul tem a maior taxa de penetra&ccedil;&atilde;o das comunica&ccedil;&otilde;es entre os pa&iacute;ses em desenvolvimento, com aproximadamente um ter&ccedil;o da popula&ccedil;&atilde;o online. A penetra&ccedil;&atilde;o da banda larga m&oacute;vel na regi&atilde;o, no entanto, ainda &eacute; baixa.<\/p>\n<p>O receitu&aacute;rio da UIT para ampliar os servi&ccedil;os de telecomunica&ccedil;&otilde;es passa essencialmente&nbsp; por fomentar a concorr&ecirc;ncia, harmonizar a regulamenta&ccedil;&atilde;o, liberalizar o espectro e desenvolver as aplica&ccedil;&otilde;es.<\/p>\n","protected":false},"excerpt":{"rendered":"<p>Em palestra no segundo dia da 1&ordf; Confer&ecirc;ncia Nacional de Comunica&ccedil;&atilde;o (1&ordf; Confecom), nesta ter&ccedil;a-feira, dia 16, em Bras&iacute;lia, o chefe do escrit&oacute;rio regional da Uni&atilde;o Internacional de Telecomunica&ccedil;&otilde;es (UIT) para as Am&eacute;ricas, Juan Zavattiero, defendeu a livre concorr&ecirc;ncia e marcos regulat&oacute;rios definidos como o melhor caminho para o desenvolvimento das telecomunica&ccedil;&otilde;es em todo o &hellip; <a href=\"https:\/\/obscom.intervozes.org.br\/?p=23753\" class=\"more-link\">Continue lendo <span class=\"screen-reader-text\">Representante da UIT defende livre concorr\u00eancia para avan\u00e7o das telecomunica\u00e7\u00f5es<\/span> <span class=\"meta-nav\">&rarr;<\/span><\/a><\/p>\n","protected":false},"author":1,"featured_media":0,"comment_status":"open","ping_status":"open","sticky":false,"template":"","format":"standard","meta":{"footnotes":""},"categories":[40],"tags":[1012],"_links":{"self":[{"href":"https:\/\/obscom.intervozes.org.br\/index.php?rest_route=\/wp\/v2\/posts\/23753"}],"collection":[{"href":"https:\/\/obscom.intervozes.org.br\/index.php?rest_route=\/wp\/v2\/posts"}],"about":[{"href":"https:\/\/obscom.intervozes.org.br\/index.php?rest_route=\/wp\/v2\/types\/post"}],"author":[{"embeddable":true,"href":"https:\/\/obscom.intervozes.org.br\/index.php?rest_route=\/wp\/v2\/users\/1"}],"replies":[{"embeddable":true,"href":"https:\/\/obscom.intervozes.org.br\/index.php?rest_route=%2Fwp%2Fv2%2Fcomments&post=23753"}],"version-history":[{"count":0,"href":"https:\/\/obscom.intervozes.org.br\/index.php?rest_route=\/wp\/v2\/posts\/23753\/revisions"}],"wp:attachment":[{"href":"https:\/\/obscom.intervozes.org.br\/index.php?rest_route=%2Fwp%2Fv2%2Fmedia&parent=23753"}],"wp:term":[{"taxonomy":"category","embeddable":true,"href":"https:\/\/obscom.intervozes.org.br\/index.php?rest_route=%2Fwp%2Fv2%2Fcategories&post=23753"},{"taxonomy":"post_tag","embeddable":true,"href":"https:\/\/obscom.intervozes.org.br\/index.php?rest_route=%2Fwp%2Fv2%2Ftags&post=23753"}],"curies":[{"name":"wp","href":"https:\/\/api.w.org\/{rel}","templated":true}]}}