{"id":23749,"date":"2009-12-16T16:24:39","date_gmt":"2009-12-16T16:24:39","guid":{"rendered":"https:\/\/obscom.intervozes.org.br\/wordpress\/?p=23749"},"modified":"2009-12-16T16:24:39","modified_gmt":"2009-12-16T16:24:39","slug":"brasil-tera-90-milhoes-de-pontos-de-internet-rapida-ate-2014-garante-helio-costa","status":"publish","type":"post","link":"https:\/\/obscom.intervozes.org.br\/?p=23749","title":{"rendered":"Brasil ter\u00e1 90 milh\u00f5es de pontos de internet r\u00e1pida at\u00e9 2014, garante H\u00e9lio Costa"},"content":{"rendered":"<p class=\"padrao\">A pretens&atilde;o do governo foi explicitada  pelo ministro das Comunica&ccedil;&otilde;es, H&eacute;lio Costa, durante a &uacute;ltima audi&ecirc;ncia  p&uacute;blica do ano da Comiss&atilde;o de Ci&ecirc;ncia, Tecnologia, Inova&ccedil;&atilde;o, Comunica&ccedil;&atilde;o  e Inform&aacute;tica (CCT), realizada nesta quarta-feira (16). &nbsp;<br \/> &nbsp;<br \/> Ele informou que seu minist&eacute;rio e outros &oacute;rg&atilde;os do governo prepararam  sugest&otilde;es para a elabora&ccedil;&atilde;o do Plano Nacional de Banda Larga, as  quais ser&atilde;o avaliadas pelo presidente da Rep&uacute;blica, Luiz In&aacute;cio Lula  da Silva ainda em janeiro.&nbsp;<br \/> &nbsp;<br \/> A decis&atilde;o final sobre o plano, que vai gerar um projeto, que poder&aacute;  inclusive suscitar a cria&ccedil;&atilde;o de uma nova estatal para gerir a expans&atilde;o  da internet no Brasil, dever&aacute; ocorrer at&eacute; o dia 20 de janeiro de 2010,  previu H&eacute;lio Costa.&nbsp;<br \/> &nbsp;<br \/> H&eacute;lio Costa enfatizou que a principal inten&ccedil;&atilde;o do governo federal  &eacute; prover acesso r&aacute;pido da rede mundial de computadores a todos os  brasileiros &#8211; inclusive os da &aacute;rea rural &#8211; a um pre&ccedil;o bem inferior  ao que est&aacute; sendo cobrado atualmente. Para tanto, disse ele, o Brasil  ter&aacute; que migrar mais rapidamente do acesso discado &agrave; internet para  o uso de banda larga (hoje os dois sistemas s&atilde;o usados no pa&iacute;s).&nbsp;<br \/> &nbsp;<br \/> Outra provid&ecirc;ncia para que a internet r&aacute;pida seja popularizada, disse  o ministro, foi a implementa&ccedil;&atilde;o do plano nacional de banda larga nas  escolas ao final de 2008. O programa j&aacute; permitiu que 46 mil escolas  p&uacute;blicas estejam conectadas &#8211; n&uacute;mero que dever&aacute; chegar a 80 mil at&eacute;  o final de 2010 e &agrave; totalidade de 182 mil escolas at&eacute; 2014, inclusive  as localizadas na zona rural, acrescentou H&eacute;lio Costa.&nbsp;<br \/> &nbsp;<br \/> Nesse plano de expans&atilde;o da internet, outra prioridade, informou o ministro,  &eacute; que os estados localizados em regi&otilde;es mais isoladas, como o Amap&aacute;,  Acre, Roraima, Par&aacute;, possam ser beneficiados, j&aacute; que s&atilde;o os que possuem  o sistema mais deficiente de acesso &agrave; internet. Isto porque, esclareceu  ele, a infraestrutura das companhias telef&ocirc;nicas n&atilde;o chega at&eacute; essas  localidades, que acabam dependendo de acessos via r&aacute;dio, o que diminui  a velocidade das conex&otilde;es. &nbsp;<br \/> &nbsp;<br \/> Esfor&ccedil;o coletivo&nbsp;<br \/> &nbsp;<br \/> H&eacute;lio Costa explicou que o principal papel de investidor caber&aacute; &agrave;s  empresas privadas, que devem empregar valores da ordem de US$ 15 bilh&otilde;es  durante os pr&oacute;ximos cinco anos na empreitada. O ministro observou,  por&eacute;m, que o governo dever&aacute; investir na &aacute;rea de sat&eacute;lites e em ren&uacute;ncia  fiscal. &nbsp;<br \/> &nbsp;<br \/> &#8211; Esse &eacute; um projeto audacioso, amplo, dispendioso, mas as pr&oacute;prias  empresas j&aacute; est&atilde;o entendendo que caber&aacute; a elas o grande investimento,  pois, por mais que o governo possa prover esfor&ccedil;os, a grande infraestrutura  capaz de permitir essa expans&atilde;o ter&aacute; que ser implantada pelas empresas-  declarou o ministro.<span class=\"padrao\"> <em>[Val&eacute;ria Ribeiro]<\/em><\/span><span class=\"padrao\"><br \/><\/span><\/p>\n","protected":false},"excerpt":{"rendered":"<p>A pretens&atilde;o do governo foi explicitada pelo ministro das Comunica&ccedil;&otilde;es, H&eacute;lio Costa, durante a &uacute;ltima audi&ecirc;ncia p&uacute;blica do ano da Comiss&atilde;o de Ci&ecirc;ncia, Tecnologia, Inova&ccedil;&atilde;o, Comunica&ccedil;&atilde;o e Inform&aacute;tica (CCT), realizada nesta quarta-feira (16). &nbsp; &nbsp; Ele informou que seu minist&eacute;rio e outros &oacute;rg&atilde;os do governo prepararam sugest&otilde;es para a elabora&ccedil;&atilde;o do Plano Nacional de Banda &hellip; <a href=\"https:\/\/obscom.intervozes.org.br\/?p=23749\" class=\"more-link\">Continue lendo <span class=\"screen-reader-text\">Brasil ter\u00e1 90 milh\u00f5es de pontos de internet r\u00e1pida at\u00e9 2014, garante H\u00e9lio Costa<\/span> <span class=\"meta-nav\">&rarr;<\/span><\/a><\/p>\n","protected":false},"author":1,"featured_media":0,"comment_status":"open","ping_status":"open","sticky":false,"template":"","format":"standard","meta":{"footnotes":""},"categories":[40],"tags":[1012],"_links":{"self":[{"href":"https:\/\/obscom.intervozes.org.br\/index.php?rest_route=\/wp\/v2\/posts\/23749"}],"collection":[{"href":"https:\/\/obscom.intervozes.org.br\/index.php?rest_route=\/wp\/v2\/posts"}],"about":[{"href":"https:\/\/obscom.intervozes.org.br\/index.php?rest_route=\/wp\/v2\/types\/post"}],"author":[{"embeddable":true,"href":"https:\/\/obscom.intervozes.org.br\/index.php?rest_route=\/wp\/v2\/users\/1"}],"replies":[{"embeddable":true,"href":"https:\/\/obscom.intervozes.org.br\/index.php?rest_route=%2Fwp%2Fv2%2Fcomments&post=23749"}],"version-history":[{"count":0,"href":"https:\/\/obscom.intervozes.org.br\/index.php?rest_route=\/wp\/v2\/posts\/23749\/revisions"}],"wp:attachment":[{"href":"https:\/\/obscom.intervozes.org.br\/index.php?rest_route=%2Fwp%2Fv2%2Fmedia&parent=23749"}],"wp:term":[{"taxonomy":"category","embeddable":true,"href":"https:\/\/obscom.intervozes.org.br\/index.php?rest_route=%2Fwp%2Fv2%2Fcategories&post=23749"},{"taxonomy":"post_tag","embeddable":true,"href":"https:\/\/obscom.intervozes.org.br\/index.php?rest_route=%2Fwp%2Fv2%2Ftags&post=23749"}],"curies":[{"name":"wp","href":"https:\/\/api.w.org\/{rel}","templated":true}]}}