{"id":23748,"date":"2009-12-16T16:20:21","date_gmt":"2009-12-16T16:20:21","guid":{"rendered":"https:\/\/obscom.intervozes.org.br\/wordpress\/?p=23748"},"modified":"2009-12-16T16:20:21","modified_gmt":"2009-12-16T16:20:21","slug":"comecam-votacoes-de-15-mil-projetos-na-confecom","status":"publish","type":"post","link":"https:\/\/obscom.intervozes.org.br\/?p=23748","title":{"rendered":"Come\u00e7am vota\u00e7\u00f5es de 1,5 mil projetos na Confecom"},"content":{"rendered":"\n<p><span class=\"padrao\">Os 1.684 delegados da Confer&ecirc;ncia  Nacional de Comunica&ccedil;&atilde;o, divididos em 15 grupos de trabalho, come&ccedil;am  a votar nesta quarta-feira, dia 16, as cerca de 1,5 mil propostas para  regulamentar a ind&uacute;stria da comunica&ccedil;&atilde;o elaboradas nas etapas regionais  do evento<\/p>\n<p>Das cerca de 6 mil propostas elaboradas ao longo do ano em eventos preliminares  em diversas regi&otilde;es do Pa&iacute;s, apenas 1,5 mil foram formalmente apresentadas  aos 1.684 delegados da 1&ordf; edi&ccedil;&atilde;o da Confer&ecirc;ncia Nacional de Comunica&ccedil;&atilde;o,  reunidos desde a segunda-feira, dia 14, no centro de conven&ccedil;&otilde;es Ulisses  Guimar&atilde;es, em Bras&iacute;lia. <\/p>\n<p>Para decidir quais dessas propostas passar&atilde;o no crivo dos delegados  foram formados 15 grupos de trabalhos divididos por tema no qual cada  um dever&aacute; votar cerca de 100 proposi&ccedil;&otilde;es. As reuni&otilde;es tiveram in&iacute;cio  na tarde de ter&ccedil;a-feira, dia 15; e seguem nessa quarta-feira, dia 16,  quando se espera que todas j&aacute; tenham sido votadas. As propostas que  alcan&ccedil;arem 80% de vota&ccedil;&atilde;o favor&aacute;vel estar&atilde;o automaticamente aprovadas  nem a necessidade de vota&ccedil;&atilde;o final em plen&aacute;rio no &uacute;ltimo dia do  evento, marcado para quinta-feira, dia 17. <\/p>\n<p>Neste dia, aquelas com aprova&ccedil;&atilde;o entre 30% e 80% ser&atilde;o votadas por  todos os delegados que comparecerem &agrave; plen&aacute;ria. Os projetos que n&atilde;o  alcan&ccedil;arem o m&iacute;nimo de 30% estar&atilde;o eliminados do documento final  da 1&ordf; Confecom.<\/p>\n<p>Ainda que a maior parte das vota&ccedil;&otilde;es tenha in&iacute;cio nesta quarta-feira,  alguns projetos j&aacute; conseguiram aprova&ccedil;&atilde;o nas reuni&otilde;es realizadas  na v&eacute;spera. A Abra, que trouxe sete propostas ao evento, conseguiu  aprovar com 100% de aprova&ccedil;&atilde;o o projeto que garante a obrigatoriedade  de 50% de conte&uacute;do nacional na TV por assinatura, sendo que os canais  n&atilde;o podem prover mais do que 25% dele. <\/p>\n<p>A Telebrasil, por sua vez, apresentou 11 propostas sendo que a principal  delas &eacute; o Plano Nacional de Banda Larga, no qual o poder p&uacute;blico daria  suporte para que todas as localidades do Pa&iacute;s tenham acesso a internet  de alta velocidade a pre&ccedil;os acess&iacute;veis. O projeto ganhou for&ccedil;a depois  do discurso de abertura da Confecom proferido pelo presidente Lula,  na &uacute;ltima segunda-feira, que classificou a proposta de prioridade nacional.  A obrigatoriedade do diploma para exerc&iacute;cio da profiss&atilde;o de jornalistas  tamb&eacute;m estar&aacute; na pauta de vota&ccedil;&otilde;es previstas para esta tarde.<\/p>\n<p>Os delegados representam tr&ecirc;s segmentos, sendo 40% deles do meio empresarial,  40% da sociedade civil e 20% do poder p&uacute;blico. Ao todo, s&atilde;o 10 entidades  e 10 &oacute;rg&atilde;os do governo federal, cada um com um presidente e uma lista  de suplentes. Das entidades est&atilde;o presentes a Sociedade Civil, Associa&ccedil;&atilde;o  Brasileira das Emissoras P&uacute;blicas Educativas e Culturais (Abepec),  Associa&ccedil;&atilde;o Brasileira de Radiodifusores (Abra), Associa&ccedil;&atilde;o Brasileira  de Radiodifus&atilde;o Comunit&aacute;ria (Abra&ccedil;o), Central &Uacute;nica dos Trabalhadores  (CUT), Federa&ccedil;&atilde;o Nacional dos Jornalistas (Fenaj), Federa&ccedil;&atilde;o Interestadual  dos Trabalhadores em Empresas de Radiodifus&atilde;o e Televis&atilde;o (Fitert),  F&oacute;rum Nacional pela Democratiza&ccedil;&atilde;o da Comunica&ccedil;&atilde;o (FNDC), Coletivo  Brasil de Comunica&ccedil;&atilde;o Social (Intervozes) e a Associa&ccedil;&atilde;o Brasileira  de Telecomunica&ccedil;&otilde;es (Telebrasil). <\/p>\n<p>As entidades que boicotaram o evento representam os interesses dos principais  grupos de m&iacute;dia do Pa&iacute;s: Associa&ccedil;&atilde;o Nacional dos Editores de Revistas  (ANER), Associa&ccedil;&atilde;o Nacional de Jornais (ANJ), Associa&ccedil;&atilde;o Brasileira  de Emissoras de R&aacute;dio e Televis&atilde;o (Abert), Associa&ccedil;&atilde;o Brasileira  de Televis&atilde;o por Assinatura (ABTA) e Associa&ccedil;&atilde;o Brasileira dos Provedores  de Acesso, Servi&ccedil;os e Informa&ccedil;&otilde;es pela Internet (Abranet). <\/p>\n<p>Pelo setor p&uacute;blico, metade dos delegados foi eleita em assembl&eacute;ias  regionais e a outra metade designada pelo governo federal representado  no evento pelos minist&eacute;rios das Comunica&ccedil;&otilde;es, Ci&ecirc;ncia e Tecnologia;  Cultura; Educa&ccedil;&atilde;o; Justi&ccedil;a; Casa Civil; Secretaria de Comunica&ccedil;&atilde;o  Social da Presid&ecirc;ncia da Rep&uacute;blica; Secretaria Geral da Presid&ecirc;ncia  da Rep&uacute;blica; Senado Federal; e C&acirc;mara dos Deputados.<\/p>\n<p>As propostas aprovadas na Confecom n&atilde;o ser&atilde;o necessariamente um marco  regulat&oacute;rio, mas servir&atilde;o de refer&ecirc;ncia para orientar tanto o Poder  Executivo quanto o Legislativo em futuras regulamenta&ccedil;&otilde;es sobre o  setor. No caso do executivo, uma das j&aacute; medidas aprovadas &eacute; o restabelecimento  das delegacias regionais do Minist&eacute;rio das Comunica&ccedil;&otilde;es que haviam  sido extintas durante o Governo de Fernando Collo, no in&iacute;cio dos anos  1990. O MinC pode implementar a medida sem a necessidade de vota&ccedil;&atilde;o  de um projeto de lei.<\/span><span class=\"padrao\">&nbsp;<\/span><\/p>\n<p>&nbsp;<\/p>\n<p><span class=\"padrao\">&nbsp;<\/span><\/p>\n","protected":false},"excerpt":{"rendered":"<p>Os 1.684 delegados da Confer&ecirc;ncia Nacional de Comunica&ccedil;&atilde;o, divididos em 15 grupos de trabalho, come&ccedil;am a votar nesta quarta-feira, dia 16, as cerca de 1,5 mil propostas para regulamentar a ind&uacute;stria da comunica&ccedil;&atilde;o elaboradas nas etapas regionais do evento Das cerca de 6 mil propostas elaboradas ao longo do ano em eventos preliminares em diversas &hellip; <a href=\"https:\/\/obscom.intervozes.org.br\/?p=23748\" class=\"more-link\">Continue lendo <span class=\"screen-reader-text\">Come\u00e7am vota\u00e7\u00f5es de 1,5 mil projetos na Confecom<\/span> <span class=\"meta-nav\">&rarr;<\/span><\/a><\/p>\n","protected":false},"author":1,"featured_media":0,"comment_status":"open","ping_status":"open","sticky":false,"template":"","format":"standard","meta":{"footnotes":""},"categories":[40],"tags":[1012],"_links":{"self":[{"href":"https:\/\/obscom.intervozes.org.br\/index.php?rest_route=\/wp\/v2\/posts\/23748"}],"collection":[{"href":"https:\/\/obscom.intervozes.org.br\/index.php?rest_route=\/wp\/v2\/posts"}],"about":[{"href":"https:\/\/obscom.intervozes.org.br\/index.php?rest_route=\/wp\/v2\/types\/post"}],"author":[{"embeddable":true,"href":"https:\/\/obscom.intervozes.org.br\/index.php?rest_route=\/wp\/v2\/users\/1"}],"replies":[{"embeddable":true,"href":"https:\/\/obscom.intervozes.org.br\/index.php?rest_route=%2Fwp%2Fv2%2Fcomments&post=23748"}],"version-history":[{"count":0,"href":"https:\/\/obscom.intervozes.org.br\/index.php?rest_route=\/wp\/v2\/posts\/23748\/revisions"}],"wp:attachment":[{"href":"https:\/\/obscom.intervozes.org.br\/index.php?rest_route=%2Fwp%2Fv2%2Fmedia&parent=23748"}],"wp:term":[{"taxonomy":"category","embeddable":true,"href":"https:\/\/obscom.intervozes.org.br\/index.php?rest_route=%2Fwp%2Fv2%2Fcategories&post=23748"},{"taxonomy":"post_tag","embeddable":true,"href":"https:\/\/obscom.intervozes.org.br\/index.php?rest_route=%2Fwp%2Fv2%2Ftags&post=23748"}],"curies":[{"name":"wp","href":"https:\/\/api.w.org\/{rel}","templated":true}]}}