{"id":23746,"date":"2009-12-16T16:13:48","date_gmt":"2009-12-16T16:13:48","guid":{"rendered":"https:\/\/obscom.intervozes.org.br\/wordpress\/?p=23746"},"modified":"2009-12-16T16:13:48","modified_gmt":"2009-12-16T16:13:48","slug":"inclusao-digital-e-prioridade-para-o-pais-diz-lula-na-abertura-da-1a-confecom","status":"publish","type":"post","link":"https:\/\/obscom.intervozes.org.br\/?p=23746","title":{"rendered":"Inclus\u00e3o digital \u00e9 prioridade para o pa\u00eds, diz Lula na abertura da 1\u00aa Confecom"},"content":{"rendered":"\n<p><span class=\"padrao\">Bras&iacute;lia &#8211; O presidente Luiz In&aacute;cio  Lula da Silva afirmou h&aacute;&nbsp;pouco, durante a abertura da 1&ordm;&nbsp; Confer&ecirc;ncia Nacional de Comunica&ccedil;&atilde;o (Confecom), que a internet n&atilde;o  &eacute; mais artigo de luxo e sim um instrumento de extrema necessidade para  a popula&ccedil;&atilde;o. Lula tamb&eacute;m lamentou as aus&ecirc;ncias de v&aacute;rias associa&ccedil;&otilde;es  de empresas de televis&atilde;o e de r&aacute;dios que n&atilde;o participaram do evento.&nbsp;<\/span><\/p>\n<p><span class=\"padrao\"> &nbsp;<\/span><\/p>\n<p><span class=\"padrao\"> &ldquo;Demos um salto espetacular [no n&uacute;mero de pessoas que acessam a internet].  &Eacute; muito bom mas n&atilde;o podemos nos dar por satisfeitos. No mundo atual,  a internet n&atilde;o &eacute; um luxo, mas um artigo essencial para popula&ccedil;&atilde;o  e para o exerc&iacute;cio da cidadania&rdquo;, discursou Lula acrescentando que  &eacute; preciso massificar o acesso &agrave; internet.&nbsp;<\/span><\/p>\n<p><span class=\"padrao\"> &nbsp;<\/span><\/p>\n<p><span class=\"padrao\"> &ldquo;A inclus&atilde;o digital, da mesma forma como a inclus&atilde;o social, deve  ser encarada como uma prioridade nacional&rdquo;, afirmou Lula. Ele cobrou  dos futuros candidatos &agrave; Presid&ecirc;ncia da Rep&uacute;blica que incluam no  debate eleitoral quest&otilde;es relacionadas &agrave; converg&ecirc;ncia de tecnologias.  &ldquo;&Eacute; preciso incluir o tema da comunica&ccedil;&atilde;o social na agenda do pa&iacute;s&rdquo;.&nbsp; &nbsp;<\/span><\/p>\n<p><span class=\"padrao\"> &nbsp;<\/span><\/p>\n<p><span class=\"padrao\"> O presidente disse ainda n&atilde;o entender o motivo das aus&ecirc;ncias das associa&ccedil;&otilde;es  Nacional de Jornais (ANJ) e Brasileira de Empresas de R&aacute;dio e Televis&atilde;o  (Abert), entre outras entidades, terem boicotado a Confecom. Lula questionou  se essas associa&ccedil;&otilde;es estariam &ldquo;com medo&rdquo; do debate.&nbsp;<\/span><\/p>\n<p><span class=\"padrao\"> &nbsp;<\/span><\/p>\n<p><span class=\"padrao\"> &ldquo;Lamento que alguns atores da &aacute;rea de comunica&ccedil;&atilde;o tenham preferido  se ausentar dessa confer&ecirc;ncia temendo sei l&aacute; o qu&ecirc;. Perderam a oportunidade  de derrubar muros. Lamento, mas cada um &eacute; dono de suas decis&otilde;es e  sabe aonde apertam os calos&rdquo;, disse Lula.&nbsp;<\/span><\/p>\n<p><span class=\"padrao\"> &nbsp;<\/span><\/p>\n<p><span class=\"padrao\"> Segundo Lula, a 1&ordm; Confer&ecirc;ncia Nacional de Comunica&ccedil;&atilde;o est&aacute; sendo  realizada &ldquo;sob o signo da liberdade de imprensa&rdquo; e que a melhor  forma de combater o mau jornalismo &eacute; a amplia&ccedil;&atilde;o da liberdade de  imprensa. &nbsp;<\/span><\/p>\n<p><span class=\"padrao\"> &nbsp;<\/span><\/p>\n<p><span class=\"padrao\"> &ldquo;A impressa &eacute; livre, apura o que quer apurar, e deixa de apurar o  que quer. Meu compromisso com a liberdade de imprensa &eacute; sagrado e &eacute;  essencial para a democracia. &Agrave;s vezes, h&aacute; jornais que se excedem,  desprezam os fatos e emplacam em campanha, disseminam cal&uacute;nias, inf&acirc;mias.  Aprendi a conviver tranquilamente com isso. Havendo a liberdade a verdade  um dia acaba aparecendo&rdquo;, discursou Lula.&nbsp;<\/span><\/p>\n<p><span class=\"padrao\"> &nbsp;<\/span><\/p>\n<p><span class=\"padrao\"> De acordo com o presidente,&nbsp; a participa&ccedil;&atilde;o de diversos setores  na Confecom ajudar&aacute; o pa&iacute;s a modernizar suas leis que tratam da converg&ecirc;ncia  de meios de comunica&ccedil;&atilde;o. Segundo o presidente,&nbsp; as tecnologias,  o Brasil e o mundo mudaram, no entanto, essas mudan&ccedil;as n&atilde;o foram acompanhadas  do aperfei&ccedil;oamento da legisla&ccedil;&atilde;o.&nbsp;<\/span><\/p>\n<p><span class=\"padrao\"> &nbsp;<\/span><\/p>\n<p><span class=\"padrao\"> No &uacute;nico momento do discurso em que falou de improviso, Lula ponderou  sobre a quest&atilde;o das r&aacute;dios comunit&aacute;rias. &ldquo;[Em rela&ccedil;&atilde;o &agrave;s r&aacute;dios  comunit&aacute;rias] penso que &eacute; importante colocarmos o preto do l&aacute;pis  no branco do papel para que n&atilde;o permitam os equ&iacute;vocos que acontecem,  os abusos de pessoas que requerem r&aacute;dios comunit&aacute;rias em nome dos  movimentos comunit&aacute;rios mas na verdade s&atilde;o pol&iacute;ticos conhecidos&rdquo;,  afirmou Lula.&nbsp;<\/span><\/p>\n<p><span class=\"padrao\"> &nbsp;<\/span><\/p>\n<p><span class=\"padrao\"> Para ele, &eacute; importante que o pr&oacute;prio movimento comunit&aacute;rio se comporte  com seriedade. &ldquo;Precisamos agir honestamente para que as r&aacute;dios comunit&aacute;rias  possam atender aos verdadeiros interesses das comunidades&rdquo;. <em>[Ivan Richard ]<\/em><\/span><span class=\"padrao\"> <\/span><\/p>\n<p>&nbsp;<\/p>\n<p><span class=\"padrao\">&nbsp; <br \/><\/span><\/p>\n","protected":false},"excerpt":{"rendered":"<p>Bras&iacute;lia &#8211; O presidente Luiz In&aacute;cio Lula da Silva afirmou h&aacute;&nbsp;pouco, durante a abertura da 1&ordm;&nbsp; Confer&ecirc;ncia Nacional de Comunica&ccedil;&atilde;o (Confecom), que a internet n&atilde;o &eacute; mais artigo de luxo e sim um instrumento de extrema necessidade para a popula&ccedil;&atilde;o. Lula tamb&eacute;m lamentou as aus&ecirc;ncias de v&aacute;rias associa&ccedil;&otilde;es de empresas de televis&atilde;o e de r&aacute;dios &hellip; <a href=\"https:\/\/obscom.intervozes.org.br\/?p=23746\" class=\"more-link\">Continue lendo <span class=\"screen-reader-text\">Inclus\u00e3o digital \u00e9 prioridade para o pa\u00eds, diz Lula na abertura da 1\u00aa Confecom<\/span> <span class=\"meta-nav\">&rarr;<\/span><\/a><\/p>\n","protected":false},"author":1,"featured_media":0,"comment_status":"open","ping_status":"open","sticky":false,"template":"","format":"standard","meta":{"footnotes":""},"categories":[40],"tags":[1012],"_links":{"self":[{"href":"https:\/\/obscom.intervozes.org.br\/index.php?rest_route=\/wp\/v2\/posts\/23746"}],"collection":[{"href":"https:\/\/obscom.intervozes.org.br\/index.php?rest_route=\/wp\/v2\/posts"}],"about":[{"href":"https:\/\/obscom.intervozes.org.br\/index.php?rest_route=\/wp\/v2\/types\/post"}],"author":[{"embeddable":true,"href":"https:\/\/obscom.intervozes.org.br\/index.php?rest_route=\/wp\/v2\/users\/1"}],"replies":[{"embeddable":true,"href":"https:\/\/obscom.intervozes.org.br\/index.php?rest_route=%2Fwp%2Fv2%2Fcomments&post=23746"}],"version-history":[{"count":0,"href":"https:\/\/obscom.intervozes.org.br\/index.php?rest_route=\/wp\/v2\/posts\/23746\/revisions"}],"wp:attachment":[{"href":"https:\/\/obscom.intervozes.org.br\/index.php?rest_route=%2Fwp%2Fv2%2Fmedia&parent=23746"}],"wp:term":[{"taxonomy":"category","embeddable":true,"href":"https:\/\/obscom.intervozes.org.br\/index.php?rest_route=%2Fwp%2Fv2%2Fcategories&post=23746"},{"taxonomy":"post_tag","embeddable":true,"href":"https:\/\/obscom.intervozes.org.br\/index.php?rest_route=%2Fwp%2Fv2%2Ftags&post=23746"}],"curies":[{"name":"wp","href":"https:\/\/api.w.org\/{rel}","templated":true}]}}