{"id":23745,"date":"2009-12-16T16:09:58","date_gmt":"2009-12-16T16:09:58","guid":{"rendered":"https:\/\/obscom.intervozes.org.br\/wordpress\/?p=23745"},"modified":"2009-12-16T16:09:58","modified_gmt":"2009-12-16T16:09:58","slug":"relatorio-final-da-confecom-propora-criacao-de-conselho-federal-de-jornalismo","status":"publish","type":"post","link":"https:\/\/obscom.intervozes.org.br\/?p=23745","title":{"rendered":"Relat\u00f3rio final da Confecom propor\u00e1 cria\u00e7\u00e3o de Conselho Federal de Jornalismo"},"content":{"rendered":"<p><span class=\"padrao\"> Bras&iacute;lia &#8211; Uma das propostas que constar&atilde;o no relat&oacute;rio final da 1&ordf;&nbsp;Confer&ecirc;ncia Nacional de Comunica&ccedil;&atilde;o (Confecom) sem necessidade de ir &agrave; plen&aacute;ria &ndash;&nbsp; por ter sido aprovada por mais de 80% dos votos em um dos 15 grupos de trabalho reunidos &ndash; &eacute; a de cria&ccedil;&atilde;o do Conselho Federal de Jornalismo. &nbsp;<br \/> &nbsp;<br \/> A ideia, aprovada hoje (16) por um dos grupos de trabalho da Confecom, j&aacute; havia sido proposta pelo governo federal em 2004, mas foi considerada como censura por entidades ligadas &agrave;s grandes empresas de comunica&ccedil;&atilde;o. &nbsp;<br \/> &nbsp;<br \/> &ldquo;Ao constar no relat&oacute;rio final da Confecom a proposta ganha f&ocirc;lego e deve ser novamente apresentada no Congresso Nacional pelo Executivo, uma vez que trata da cria&ccedil;&atilde;o de uma autarquia&rdquo;, explica a secret&aacute;ria-geral da Federa&ccedil;&atilde;o Nacional dos Jornalistas (Fenaj), Maria Jos&eacute; Braga.&nbsp;<br \/> &nbsp;<br \/> Segundo ela, a proposta de cria&ccedil;&atilde;o do conselho apresentada em 2004 era a mesma defendida pela Fenaj. &ldquo;Essa nova tentativa de cria&ccedil;&atilde;o do Conselho Federal de Jornalismo tamb&eacute;m partiu da Fenaj. &Eacute; algo que j&aacute; foi aprovado em v&aacute;rios de nossos congressos&rdquo;, afirma.&nbsp;<br \/> &nbsp;<br \/> &ldquo;&Eacute; importante enfatizar que se trata de um conselho de regulamenta&ccedil;&atilde;o da profiss&atilde;o, que aborda tanto a &eacute;tica como os crit&eacute;rios de acesso &agrave; profiss&atilde;o. Nada tem a ver com censura&rdquo;, ressalta a secret&aacute;ria da Fenaj.&nbsp;<br \/> &nbsp;<br \/> Em outras frentes, a Fenaj defende tamb&eacute;m a regulamenta&ccedil;&atilde;o da profiss&atilde;o visando a obrigatoriedade de diploma de n&iacute;vel superior espec&iacute;fico para jornalistas e a &ldquo;cria&ccedil;&atilde;o de uma lei de imprensa democr&aacute;tica que garanta direitos ao cidad&atilde;o na sua rela&ccedil;&atilde;o com a imprensa&rdquo;.&nbsp;<br \/> &nbsp;<br \/> Na tarde de hoje, a plen&aacute;ria analisar&aacute; outras 150 propostas elaboradas  pelos 15 grupos de trabalho da Confecom.<\/span><span class=\"padrao\"> <\/span><em>[Pedro Peduzzi]<\/em><\/p>\n","protected":false},"excerpt":{"rendered":"<p><em><br \/><\/em><\/p>\n","protected":false},"author":1,"featured_media":0,"comment_status":"open","ping_status":"open","sticky":false,"template":"","format":"standard","meta":{"footnotes":""},"categories":[40],"tags":[1012],"_links":{"self":[{"href":"https:\/\/obscom.intervozes.org.br\/index.php?rest_route=\/wp\/v2\/posts\/23745"}],"collection":[{"href":"https:\/\/obscom.intervozes.org.br\/index.php?rest_route=\/wp\/v2\/posts"}],"about":[{"href":"https:\/\/obscom.intervozes.org.br\/index.php?rest_route=\/wp\/v2\/types\/post"}],"author":[{"embeddable":true,"href":"https:\/\/obscom.intervozes.org.br\/index.php?rest_route=\/wp\/v2\/users\/1"}],"replies":[{"embeddable":true,"href":"https:\/\/obscom.intervozes.org.br\/index.php?rest_route=%2Fwp%2Fv2%2Fcomments&post=23745"}],"version-history":[{"count":0,"href":"https:\/\/obscom.intervozes.org.br\/index.php?rest_route=\/wp\/v2\/posts\/23745\/revisions"}],"wp:attachment":[{"href":"https:\/\/obscom.intervozes.org.br\/index.php?rest_route=%2Fwp%2Fv2%2Fmedia&parent=23745"}],"wp:term":[{"taxonomy":"category","embeddable":true,"href":"https:\/\/obscom.intervozes.org.br\/index.php?rest_route=%2Fwp%2Fv2%2Fcategories&post=23745"},{"taxonomy":"post_tag","embeddable":true,"href":"https:\/\/obscom.intervozes.org.br\/index.php?rest_route=%2Fwp%2Fv2%2Ftags&post=23745"}],"curies":[{"name":"wp","href":"https:\/\/api.w.org\/{rel}","templated":true}]}}