{"id":23744,"date":"2009-12-16T16:07:37","date_gmt":"2009-12-16T16:07:37","guid":{"rendered":"https:\/\/obscom.intervozes.org.br\/wordpress\/?p=23744"},"modified":"2009-12-16T16:07:37","modified_gmt":"2009-12-16T16:07:37","slug":"discussoes-opoem-empresarios-e-movimentos-sociais-na-confecom","status":"publish","type":"post","link":"https:\/\/obscom.intervozes.org.br\/?p=23744","title":{"rendered":"Discuss\u00f5es op\u00f5em empres\u00e1rios e movimentos sociais na Confecom"},"content":{"rendered":"<p> As discuss&otilde;es do segundo  dia da 1&ordf;&nbsp;Confer&ecirc;ncia Nacional de Comunica&ccedil;&atilde;o come&ccedil;aram com  um painel internacional, reunindo representantes de trabalhadores, da  sociedade civil e de governos&nbsp;  &nbsp;<\/p>\n<p> &nbsp;<\/p>\n<p> Bras&iacute;lia &#8211; A constru&ccedil;&atilde;o de um novo pacto para a comunica&ccedil;&atilde;o no  Brasil, na 1&ordf; Confer&ecirc;ncia Nacional de Comunica&ccedil;&atilde;o (Confecom), pode  ficar mais dif&iacute;cil por causa da aus&ecirc;ncia de grande parte das empresas  de comunica&ccedil;&atilde;o.&nbsp;<\/p>\n<p> &nbsp;<\/p>\n<p> Apenas duas entidades empresariais &#8211; a Associa&ccedil;&atilde;o Brasileira de  Radiodifusores (Abra), que representa a Rede TV!  e a Rede Bandeirantes; e a Associa&ccedil;&atilde;o Brasileira de Telecomunica&ccedil;&otilde;es  (Telebrasil), formada por empresas geradoras e empresas usu&aacute;rias de  servi&ccedil;os ou de produtos do setor &#8211; participam da confer&ecirc;ncia que re&uacute;ne,  no Centro de Conven&ccedil;&otilde;es de Bras&iacute;lia, setores da sociedade civil e  representantes do Poder P&uacute;blico para discutir  &ldquo;a constru&ccedil;&atilde;o de direitos e de cidadania na era digital&rdquo;.&nbsp;<\/p>\n<p> &nbsp;<\/p>\n<p> A aus&ecirc;ncia de entidades representativas dos setores privados da comunica&ccedil;&atilde;o  foi decidido ainda em agosto. &Agrave; &eacute;poca entidades como a Associa&ccedil;&atilde;o  Nacional de Editores de Revista (Aner)  informaram &agrave; Ag&ecirc;ncia Brasil que temiam que a confer&ecirc;ncia atentasse  contra a liberdade de express&atilde;o e informa&ccedil;&atilde;o e  &agrave; atua&ccedil;&atilde;o da livre iniciativa, ao propor o controle social da m&iacute;dia.&nbsp;<\/p>\n<p> &nbsp;<\/p>\n<p> Para o jornalista e professor Gabriel  Priolli Netto, os setores empresariais t&ecirc;m inten&ccedil;&atilde;o de provocar confus&atilde;o  em rela&ccedil;&atilde;o a uma maior participa&ccedil;&atilde;o da sociedade.  &ldquo;N&atilde;o se quer controle estatal e nada tem a ver com censura. Isso  &eacute; um direito que a sociedade tem e deve exercer&rdquo;, defende.&nbsp;<\/p>\n<p> &nbsp;<\/p>\n<p> Segundo Priolli, a discuss&atilde;o levanta  &ldquo;cortina de fuma&ccedil;a para que as coisas continuem como s&atilde;o: um setor  pouqu&iacute;ssimo regulado apenas pelo empresariado da  &aacute;rea que n&atilde;o tem necessariamente a ver com os interesses da sociedade.  O empresariado est&aacute; acostumado no Brasil a reinar sozinho nas comunica&ccedil;&otilde;es  e n&atilde;o dar satisfa&ccedil;&atilde;o a ningu&eacute;m&rdquo;.&nbsp;<\/p>\n<p> &nbsp;<\/p>\n<p> Para o presidente da Federa&ccedil;&atilde;o Nacional dos Jornalistas (Fenaj), S&eacute;rgio  Murillo de Andrade, discutir a participa&ccedil;&atilde;o social na m&iacute;dia  &ldquo;virou um dogma&rdquo;. &ldquo;Tem algu&eacute;m que  &eacute; contra a participa&ccedil;&atilde;o da sociedade? Estamos tratando aqui de um  servi&ccedil;o que &eacute; de natureza eminentemente p&uacute;blica como  &eacute; a sa&uacute;de, a habita&ccedil;&atilde;o ou a educa&ccedil;&atilde;o&rdquo;, ressaltou.&nbsp;<\/p>\n<p> &nbsp;<\/p>\n<p> O presidente da Fenaj queixa-se que a justi&ccedil;a tem tomado uma s&eacute;rie  de decis&otilde;es que representam &ldquo;censura pr&eacute;via&rdquo;  &#8211; como no caso da decis&atilde;o imposta no fim de julho pelo Tribunal de  Justi&ccedil;a do Distrito Federal contra o  O Estado de S&atilde;o Paulo, que pro&iacute;be o jornal de publicar reportagens  sobre a Opera&ccedil;&atilde;o Boi Barrica (que investigou o empres&aacute;rio Fernando  Sarney) &ndash; e que os empres&aacute;rios do setor de comunica&ccedil;&otilde;es n&atilde;o se  manifestam publicamente contra a censura.  &ldquo;Sob isso h&aacute; um sil&ecirc;ncio do setor empresarial&rdquo;, lamentou.&nbsp;<\/p>\n<p> &nbsp;<\/p>\n<p> S&eacute;rgio Murillo defende &ldquo;liberdade extrema de imprensa com responsabilidade&rdquo;.  Ele espera que a confer&ecirc;ncia comece a desenhar um novo ordenamento  jur&iacute;dico para o setor.&nbsp;<\/p>\n<p> &nbsp;<\/p>\n<p> O ministro da Cultura, Juca Ferreira, acredita que a  Confecom, al&eacute;m de ajudar a propor um novo ordenamento jur&iacute;dico, possa  tratar do acesso &agrave; informa&ccedil;&atilde;o, da possibilidade de diversifica&ccedil;&atilde;o  da informa&ccedil;&atilde;o, da express&atilde;o, moderniza&ccedil;&atilde;o tecnol&oacute;gica e novos  modelos de neg&oacute;cio. O ministro reconheceu, no entanto, que a tarefa  &eacute; dif&iacute;cil. Tratar dessas quest&otilde;es, segundo ele, &quot;&eacute;  bulir em um barril de p&oacute;lvora&rdquo;. <em>[Gilberto Costa]<\/em><span class=\"padrao\"> <\/span><\/p>\n<p>&nbsp;<\/p>\n","protected":false},"excerpt":{"rendered":"<p>As discuss&otilde;es do segundo dia da 1&ordf;&nbsp;Confer&ecirc;ncia Nacional de Comunica&ccedil;&atilde;o come&ccedil;aram com um painel internacional, reunindo representantes de trabalhadores, da sociedade civil e de governos&nbsp; &nbsp; &nbsp; Bras&iacute;lia &#8211; A constru&ccedil;&atilde;o de um novo pacto para a comunica&ccedil;&atilde;o no Brasil, na 1&ordf; Confer&ecirc;ncia Nacional de Comunica&ccedil;&atilde;o (Confecom), pode ficar mais dif&iacute;cil por causa da aus&ecirc;ncia &hellip; <a href=\"https:\/\/obscom.intervozes.org.br\/?p=23744\" class=\"more-link\">Continue lendo <span class=\"screen-reader-text\">Discuss\u00f5es op\u00f5em empres\u00e1rios e movimentos sociais na Confecom<\/span> <span class=\"meta-nav\">&rarr;<\/span><\/a><\/p>\n","protected":false},"author":1,"featured_media":0,"comment_status":"open","ping_status":"open","sticky":false,"template":"","format":"standard","meta":{"footnotes":""},"categories":[40],"tags":[1012],"_links":{"self":[{"href":"https:\/\/obscom.intervozes.org.br\/index.php?rest_route=\/wp\/v2\/posts\/23744"}],"collection":[{"href":"https:\/\/obscom.intervozes.org.br\/index.php?rest_route=\/wp\/v2\/posts"}],"about":[{"href":"https:\/\/obscom.intervozes.org.br\/index.php?rest_route=\/wp\/v2\/types\/post"}],"author":[{"embeddable":true,"href":"https:\/\/obscom.intervozes.org.br\/index.php?rest_route=\/wp\/v2\/users\/1"}],"replies":[{"embeddable":true,"href":"https:\/\/obscom.intervozes.org.br\/index.php?rest_route=%2Fwp%2Fv2%2Fcomments&post=23744"}],"version-history":[{"count":0,"href":"https:\/\/obscom.intervozes.org.br\/index.php?rest_route=\/wp\/v2\/posts\/23744\/revisions"}],"wp:attachment":[{"href":"https:\/\/obscom.intervozes.org.br\/index.php?rest_route=%2Fwp%2Fv2%2Fmedia&parent=23744"}],"wp:term":[{"taxonomy":"category","embeddable":true,"href":"https:\/\/obscom.intervozes.org.br\/index.php?rest_route=%2Fwp%2Fv2%2Fcategories&post=23744"},{"taxonomy":"post_tag","embeddable":true,"href":"https:\/\/obscom.intervozes.org.br\/index.php?rest_route=%2Fwp%2Fv2%2Ftags&post=23744"}],"curies":[{"name":"wp","href":"https:\/\/api.w.org\/{rel}","templated":true}]}}