{"id":23741,"date":"2009-12-15T19:35:47","date_gmt":"2009-12-15T19:35:47","guid":{"rendered":"https:\/\/obscom.intervozes.org.br\/wordpress\/?p=23741"},"modified":"2009-12-15T19:35:47","modified_gmt":"2009-12-15T19:35:47","slug":"conferencia-da-comunicacao-avanca-com-os-3-segmentos-presentes","status":"publish","type":"post","link":"https:\/\/obscom.intervozes.org.br\/?p=23741","title":{"rendered":"Confer\u00eancia da Comunica\u00e7\u00e3o avan\u00e7a com os 3 segmentos presentes"},"content":{"rendered":"<p>O presidente da comiss&atilde;o organizadora da 1&ordf; Confer&ecirc;ncia Nacional de Comunica&ccedil;&atilde;o (Confecom), Marcelo Bechara,considerou extraordin&aacute;rio o consenso entre os tr&ecirc;s segmentos (sociedade civil, empres&aacute;rios e poder p&uacute;blico) na vota&ccedil;&atilde;o do regimento interno que fez os trabalhos avan&ccedil;arem. Al&eacute;m da aprova&ccedil;&atilde;o do documento, a Confecom iniciou nesta ter&ccedil;a (15), no Centro de Conven&ccedil;&otilde;es Ulisses Guimar&atilde;es em Bras&iacute;lia, os debates em 10 grupos de trabalho.<\/p>\n<p>Os empres&aacute;rios presentes trabalhavam com a perspectiva do voto qualificado. Por ele, qualquer um dos segmentos poderia vetar uma proposta pol&ecirc;mica de ir &agrave; vota&ccedil;&atilde;o. <br \/>A proposta de consenso garantiu que das dez aprovadas por grupo de trabalho ser&atilde;o distribu&iacute;das dessa forma: quatro apresentadas pela sociedade civil, quatro pelos empres&aacute;rios e duas pelo poder p&uacute;blico. Os destaques ser&atilde;o votados na plen&aacute;ria final.<\/p>\n<p>Ou seja, nenhum segmento ter&aacute; poder de vetar uma proposta. As com mais de 80% de aprova&ccedil;&atilde;o ir&atilde;o direito para o relat&oacute;rio final e a que obtiver abaixo de 30% ser&aacute; automaticamente rejeitada. <\/p>\n<p>&ldquo;Essa Confer&ecirc;ncia &eacute; um exerc&iacute;cio permanente de constru&ccedil;&atilde;o pol&iacute;tica. Por que isso? Porque existem segmentos, existem vis&otilde;es diferentes e plurais. Para que a Confer&ecirc;ncia tenha um bom andamento e, que haja uma correla&ccedil;&atilde;o de for&ccedil;as equilibradas entre os segmentos, &eacute; preciso que se construam acordos&rdquo;, disse ao Vermelho Marcelo Bechara.<\/p>\n<p>Segundo ele, o desgaste sofrido na vota&ccedil;&atilde;o do regimento foi fundamental para legitimar a Confecom. &ldquo;Foi uma proposta constru&iacute;da pela maioria absoluta das pessoas que estavam na plen&aacute;ria, ou seja, foi constru&iacute;da uma proposta envolvendo os tr&ecirc;s segmentos e aprovado por maioria absoluta. Acho uma conquista extraordin&aacute;ria&rdquo;, comemorou.<\/p>\n<p>Na opini&atilde;o dele, a Confecom tem dado &ldquo;passos largos&rdquo; do ponto de vista do processo de constru&ccedil;&atilde;o de estabelecer canais de comunica&ccedil;&atilde;o entre os segmentos. &ldquo;Acho que isso por si s&oacute;, esse exerc&iacute;cio pol&iacute;tico, j&aacute; &eacute; uma vit&oacute;ria da Confer&ecirc;ncia. O que n&oacute;s temos que fazer agora &eacute; encontrar consensos nas propostas&rdquo;, diz.<\/p>\n<p>R&aacute;dios e TVs comunit&aacute;rias<\/p>\n<p>Questionados sobre os consensos, Bechara antecipa que o Minist&eacute;rio das Comunica&ccedil;&otilde;es trabalha uma pauta comum com a Associa&ccedil;&atilde;o Brasileira de Radiodifus&atilde;o Comunit&aacute;ria (Abra&ccedil;o). Nela, consta proposta como o retorno das delegacias regionais do minist&eacute;rio e a cria&ccedil;&atilde;o no &acirc;mbito da pasta de uma subsecretaria de radiodifus&atilde;o comunit&aacute;ria.<\/p>\n<p>&ldquo;Existem outros consensos com outros segmentos como o servi&ccedil;o de banda larga para toda a&nbsp; popula&ccedil;&atilde;o, a universaliza&ccedil;&atilde;o e massifica&ccedil;&atilde;o do servi&ccedil;o&rdquo;, afirmou. <em>[Iram Alfaia]<\/em><\/p>\n","protected":false},"excerpt":{"rendered":"<p>O presidente da comiss&atilde;o organizadora da 1&ordf; Confer&ecirc;ncia Nacional de Comunica&ccedil;&atilde;o (Confecom), Marcelo Bechara,considerou extraordin&aacute;rio o consenso entre os tr&ecirc;s segmentos (sociedade civil, empres&aacute;rios e poder p&uacute;blico) na vota&ccedil;&atilde;o do regimento interno que fez os trabalhos avan&ccedil;arem. Al&eacute;m da aprova&ccedil;&atilde;o do documento, a Confecom iniciou nesta ter&ccedil;a (15), no Centro de Conven&ccedil;&otilde;es Ulisses Guimar&atilde;es em &hellip; <a href=\"https:\/\/obscom.intervozes.org.br\/?p=23741\" class=\"more-link\">Continue lendo <span class=\"screen-reader-text\">Confer\u00eancia da Comunica\u00e7\u00e3o avan\u00e7a com os 3 segmentos presentes<\/span> <span class=\"meta-nav\">&rarr;<\/span><\/a><\/p>\n","protected":false},"author":1,"featured_media":0,"comment_status":"open","ping_status":"open","sticky":false,"template":"","format":"standard","meta":{"footnotes":""},"categories":[40],"tags":[1012],"_links":{"self":[{"href":"https:\/\/obscom.intervozes.org.br\/index.php?rest_route=\/wp\/v2\/posts\/23741"}],"collection":[{"href":"https:\/\/obscom.intervozes.org.br\/index.php?rest_route=\/wp\/v2\/posts"}],"about":[{"href":"https:\/\/obscom.intervozes.org.br\/index.php?rest_route=\/wp\/v2\/types\/post"}],"author":[{"embeddable":true,"href":"https:\/\/obscom.intervozes.org.br\/index.php?rest_route=\/wp\/v2\/users\/1"}],"replies":[{"embeddable":true,"href":"https:\/\/obscom.intervozes.org.br\/index.php?rest_route=%2Fwp%2Fv2%2Fcomments&post=23741"}],"version-history":[{"count":0,"href":"https:\/\/obscom.intervozes.org.br\/index.php?rest_route=\/wp\/v2\/posts\/23741\/revisions"}],"wp:attachment":[{"href":"https:\/\/obscom.intervozes.org.br\/index.php?rest_route=%2Fwp%2Fv2%2Fmedia&parent=23741"}],"wp:term":[{"taxonomy":"category","embeddable":true,"href":"https:\/\/obscom.intervozes.org.br\/index.php?rest_route=%2Fwp%2Fv2%2Fcategories&post=23741"},{"taxonomy":"post_tag","embeddable":true,"href":"https:\/\/obscom.intervozes.org.br\/index.php?rest_route=%2Fwp%2Fv2%2Ftags&post=23741"}],"curies":[{"name":"wp","href":"https:\/\/api.w.org\/{rel}","templated":true}]}}